{"id":1167,"date":"2016-11-12T00:10:06","date_gmt":"2016-11-11T23:10:06","guid":{"rendered":"http:\/\/blog.marc-fritschi.ch\/?p=1167"},"modified":"2022-12-03T16:23:44","modified_gmt":"2022-12-03T15:23:44","slug":"woche-11-2016-11-13-suedamerika-buenos-aires","status":"publish","type":"post","link":"https:\/\/blog.marc-fritschi.ch\/?p=1167","title":{"rendered":"Woche 11: 2016-11-12, S\u00fcdamerika &#8211; Buenos Aires"},"content":{"rendered":"<div class=\"entry-content\" itemprop=\"text\">\n<p>Fester Boden unter den F\u00fcssen, in der wohl sch\u00f6nsten Stadt in S\u00fcdamerika (ich habe nur diese hier gesehen) &#8211; ich geniesse es! Nach Vancouver, Toronto, New York und den anderen grossen St\u00e4dte der Ostk\u00fcste im Norden Amerikas &#8211; treffe ich hier im S\u00fcden eine ganz andere Art von Stadt. Das Leben spielt draussen, der Sommer ist da. Ich f\u00fchle mich hier etwas so wie in Indien &#8211; zumindest wenn ich die Lebenseinstellung der Menschen hier vergleiche. Kein Laden der fr\u00fch morgens \u00d6ffnet&#8230; Starbucks macht um 9 Uhr auf, da kommt aber noch niemand. Das Leben richtet sich hier nach den Temperaturen &#8211; fr\u00fch morgens wird geschlafen, wenn es w\u00e4rmer wird geht man arbeiten, wenn es heiss wird macht man Pause und wenn es wieder k\u00fchler wird feiert man.<\/p>\n<p><img loading=\"lazy\" decoding=\"async\" class=\"alignnone size-large wp-image-1659\" src=\"https:\/\/blog.marc-fritschi.ch\/wp-content\/uploads\/2016\/11\/week10_2016-11-11_13.14.30-1024x1024.jpg\" alt=\"week10_2016-11-11_13-14-30\" width=\"660\" height=\"660\" srcset=\"https:\/\/blog.marc-fritschi.ch\/wp-content\/uploads\/2016\/11\/week10_2016-11-11_13.14.30-1024x1024.jpg 1024w, https:\/\/blog.marc-fritschi.ch\/wp-content\/uploads\/2016\/11\/week10_2016-11-11_13.14.30-150x150.jpg 150w, https:\/\/blog.marc-fritschi.ch\/wp-content\/uploads\/2016\/11\/week10_2016-11-11_13.14.30-300x300.jpg 300w, https:\/\/blog.marc-fritschi.ch\/wp-content\/uploads\/2016\/11\/week10_2016-11-11_13.14.30-768x768.jpg 768w, https:\/\/blog.marc-fritschi.ch\/wp-content\/uploads\/2016\/11\/week10_2016-11-11_13.14.30-600x600.jpg 600w, https:\/\/blog.marc-fritschi.ch\/wp-content\/uploads\/2016\/11\/week10_2016-11-11_13.14.30-700x700.jpg 700w, https:\/\/blog.marc-fritschi.ch\/wp-content\/uploads\/2016\/11\/week10_2016-11-11_13.14.30-332x332.jpg 332w, https:\/\/blog.marc-fritschi.ch\/wp-content\/uploads\/2016\/11\/week10_2016-11-11_13.14.30-432x432.jpg 432w, https:\/\/blog.marc-fritschi.ch\/wp-content\/uploads\/2016\/11\/week10_2016-11-11_13.14.30-268x268.jpg 268w, https:\/\/blog.marc-fritschi.ch\/wp-content\/uploads\/2016\/11\/week10_2016-11-11_13.14.30.jpg 1440w\" sizes=\"auto, (max-width: 660px) 100vw, 660px\" \/><\/p>\n<p>Die Stadtwohnung Argentinien ist dann auch ein echter Leckerbissen, mitten in Palermo dem sehr lebendigen Wohnviertel in Buenos Aires.<\/p>\n<p><img loading=\"lazy\" decoding=\"async\" class=\"alignnone size-large wp-image-1662\" src=\"https:\/\/blog.marc-fritschi.ch\/wp-content\/uploads\/2016\/11\/2016-11-06_14.33.20-1024x1024.jpg\" alt=\"2016-11-06_14-33-20\" width=\"660\" height=\"660\" srcset=\"https:\/\/blog.marc-fritschi.ch\/wp-content\/uploads\/2016\/11\/2016-11-06_14.33.20-1024x1024.jpg 1024w, https:\/\/blog.marc-fritschi.ch\/wp-content\/uploads\/2016\/11\/2016-11-06_14.33.20-150x150.jpg 150w, https:\/\/blog.marc-fritschi.ch\/wp-content\/uploads\/2016\/11\/2016-11-06_14.33.20-300x300.jpg 300w, https:\/\/blog.marc-fritschi.ch\/wp-content\/uploads\/2016\/11\/2016-11-06_14.33.20-768x768.jpg 768w, https:\/\/blog.marc-fritschi.ch\/wp-content\/uploads\/2016\/11\/2016-11-06_14.33.20-600x600.jpg 600w, https:\/\/blog.marc-fritschi.ch\/wp-content\/uploads\/2016\/11\/2016-11-06_14.33.20-700x700.jpg 700w, https:\/\/blog.marc-fritschi.ch\/wp-content\/uploads\/2016\/11\/2016-11-06_14.33.20-332x332.jpg 332w, https:\/\/blog.marc-fritschi.ch\/wp-content\/uploads\/2016\/11\/2016-11-06_14.33.20-432x432.jpg 432w, https:\/\/blog.marc-fritschi.ch\/wp-content\/uploads\/2016\/11\/2016-11-06_14.33.20-268x268.jpg 268w, https:\/\/blog.marc-fritschi.ch\/wp-content\/uploads\/2016\/11\/2016-11-06_14.33.20.jpg 1440w\" sizes=\"auto, (max-width: 660px) 100vw, 660px\" \/><\/p>\n<p>Jetzt gerade werde ich von Denise abgeholt &#8211; das ist ein cooler Service. Die n\u00e4chsten Wochen reisen wir durch Argentinien &#8211; nochmals etwas Hauptstadt Buenos Aires und dann Mendoza.<\/p>\n<p>&nbsp;<\/p>\n<p>&nbsp;<\/p>\n\n\n<\/div>\n","protected":false},"excerpt":{"rendered":"<div class=\"entry-summary\" itemprop=\"text\">\n<p>Fester Boden unter den F\u00fcssen, in der wohl sch\u00f6nsten Stadt in S\u00fcdamerika (ich habe nur diese hier gesehen) &#8211; ich geniesse es! Nach Vancouver, Toronto, New York und den anderen grossen St\u00e4dte der Ostk\u00fcste im Norden Amerikas &#8211; treffe ich hier im S\u00fcden eine ganz andere Art von Stadt. Das Leben spielt draussen, der Sommer &#8230;<\/p>\n\n<\/div>\n","protected":false},"author":5,"featured_media":1684,"comment_status":"open","ping_status":"closed","sticky":false,"template":"","format":"standard","meta":{"footnotes":""},"categories":[54,21,15,18],"tags":[28,58,57,56,25,55,24],"class_list":["post-1167","post","type-post","status-publish","format-standard","has-post-thumbnail","hentry","category-argentinien","category-pic-of-the-week","category-sabbatical","category-wochenupdate","tag-airbnb","tag-argentinien","tag-buenos-aires","tag-pic-of-the-week","tag-sabbatical","tag-woche-11","tag-wochenbericht","entry-lead"],"_links":{"self":[{"href":"https:\/\/blog.marc-fritschi.ch\/index.php?rest_route=\/wp\/v2\/posts\/1167","targetHints":{"allow":["GET"]}}],"collection":[{"href":"https:\/\/blog.marc-fritschi.ch\/index.php?rest_route=\/wp\/v2\/posts"}],"about":[{"href":"https:\/\/blog.marc-fritschi.ch\/index.php?rest_route=\/wp\/v2\/types\/post"}],"author":[{"embeddable":true,"href":"https:\/\/blog.marc-fritschi.ch\/index.php?rest_route=\/wp\/v2\/users\/5"}],"replies":[{"embeddable":true,"href":"https:\/\/blog.marc-fritschi.ch\/index.php?rest_route=%2Fwp%2Fv2%2Fcomments&post=1167"}],"version-history":[{"count":1,"href":"https:\/\/blog.marc-fritschi.ch\/index.php?rest_route=\/wp\/v2\/posts\/1167\/revisions"}],"predecessor-version":[{"id":8009,"href":"https:\/\/blog.marc-fritschi.ch\/index.php?rest_route=\/wp\/v2\/posts\/1167\/revisions\/8009"}],"wp:featuredmedia":[{"embeddable":true,"href":"https:\/\/blog.marc-fritschi.ch\/index.php?rest_route=\/wp\/v2\/media\/1684"}],"wp:attachment":[{"href":"https:\/\/blog.marc-fritschi.ch\/index.php?rest_route=%2Fwp%2Fv2%2Fmedia&parent=1167"}],"wp:term":[{"taxonomy":"category","embeddable":true,"href":"https:\/\/blog.marc-fritschi.ch\/index.php?rest_route=%2Fwp%2Fv2%2Fcategories&post=1167"},{"taxonomy":"post_tag","embeddable":true,"href":"https:\/\/blog.marc-fritschi.ch\/index.php?rest_route=%2Fwp%2Fv2%2Ftags&post=1167"}],"curies":[{"name":"wp","href":"https:\/\/api.w.org\/{rel}","templated":true}]}}