{"id":1665,"date":"2016-11-19T23:45:11","date_gmt":"2016-11-19T22:45:11","guid":{"rendered":"http:\/\/blog.marc-fritschi.ch\/?p=1665"},"modified":"2022-12-03T16:23:44","modified_gmt":"2022-12-03T15:23:44","slug":"woche-12-2016-11-19-suedamerika-buenos-aires-2-woche","status":"publish","type":"post","link":"https:\/\/blog.marc-fritschi.ch\/?p=1665","title":{"rendered":"Woche 12: 2016-11-19, S\u00fcdamerika \u2013 Buenos Aires (2. Woche)"},"content":{"rendered":"<div class=\"entry-content\" itemprop=\"text\">\n<p>Nach 11 Wochen auf Tour, besucht mich Denise f\u00fcr zwei Wochen in meinem Sabbatical. Wir sind zusammen eine Woche in Buenos Aires und reisen dann (riesen Abenteuer mit dem Fernbus) \u00fcber Nacht nach Mendoza.<\/p>\n<p><img loading=\"lazy\" decoding=\"async\" class=\"alignnone size-large wp-image-1694\" src=\"https:\/\/blog.marc-fritschi.ch\/wp-content\/uploads\/2016\/11\/2016-11-18_21.49.09-1024x1024.jpg\" alt=\"2016-11-18_21.49.09.jpg\" width=\"660\" height=\"660\" srcset=\"https:\/\/blog.marc-fritschi.ch\/wp-content\/uploads\/2016\/11\/2016-11-18_21.49.09-1024x1024.jpg 1024w, https:\/\/blog.marc-fritschi.ch\/wp-content\/uploads\/2016\/11\/2016-11-18_21.49.09-150x150.jpg 150w, https:\/\/blog.marc-fritschi.ch\/wp-content\/uploads\/2016\/11\/2016-11-18_21.49.09-300x300.jpg 300w, https:\/\/blog.marc-fritschi.ch\/wp-content\/uploads\/2016\/11\/2016-11-18_21.49.09-768x768.jpg 768w, https:\/\/blog.marc-fritschi.ch\/wp-content\/uploads\/2016\/11\/2016-11-18_21.49.09-600x600.jpg 600w, https:\/\/blog.marc-fritschi.ch\/wp-content\/uploads\/2016\/11\/2016-11-18_21.49.09-700x700.jpg 700w, https:\/\/blog.marc-fritschi.ch\/wp-content\/uploads\/2016\/11\/2016-11-18_21.49.09-332x332.jpg 332w, https:\/\/blog.marc-fritschi.ch\/wp-content\/uploads\/2016\/11\/2016-11-18_21.49.09-432x432.jpg 432w, https:\/\/blog.marc-fritschi.ch\/wp-content\/uploads\/2016\/11\/2016-11-18_21.49.09-268x268.jpg 268w, https:\/\/blog.marc-fritschi.ch\/wp-content\/uploads\/2016\/11\/2016-11-18_21.49.09.jpg 1440w\" sizes=\"auto, (max-width: 660px) 100vw, 660px\" \/><\/p>\n<p>Stadtwanderungen, Graffitti Tour auf dem Velo, Wein und feines Essen, Tango (Ohhh) und Konzerte\/Theater (jaaa genau, da war ein Ballett mit Sinfonieorchester im Teatro Col\u00f3n) &#8211; daneben einfach das warme und sch\u00f6ne Fr\u00fchsommer-Wetter geniessen. Das sind Ferien \ud83d\ude42<\/p>\n<p><img loading=\"lazy\" decoding=\"async\" class=\"alignnone size-large wp-image-1691\" src=\"https:\/\/blog.marc-fritschi.ch\/wp-content\/uploads\/2016\/11\/DSC03436-1024x768.jpg\" alt=\"dsc03436\" width=\"660\" height=\"495\" srcset=\"https:\/\/blog.marc-fritschi.ch\/wp-content\/uploads\/2016\/11\/DSC03436-1024x768.jpg 1024w, https:\/\/blog.marc-fritschi.ch\/wp-content\/uploads\/2016\/11\/DSC03436-300x225.jpg 300w, https:\/\/blog.marc-fritschi.ch\/wp-content\/uploads\/2016\/11\/DSC03436-768x576.jpg 768w, https:\/\/blog.marc-fritschi.ch\/wp-content\/uploads\/2016\/11\/DSC03436-600x450.jpg 600w, https:\/\/blog.marc-fritschi.ch\/wp-content\/uploads\/2016\/11\/DSC03436-700x525.jpg 700w, https:\/\/blog.marc-fritschi.ch\/wp-content\/uploads\/2016\/11\/DSC03436-332x249.jpg 332w\" sizes=\"auto, (max-width: 660px) 100vw, 660px\" \/><\/p>\n<p>F\u00fcr mich heisst es nach 2 Wochen Buenos Aires in den Bus steigen und nach Mendoza (Haupt-Anbaugebiet f\u00fcr Wein in Argentinien) zu fahren &#8211; nach Vancouver wieder mit Reisebegleitung, das ist gut so.<\/p>\n\n\n<\/div>\n","protected":false},"excerpt":{"rendered":"<div class=\"entry-summary\" itemprop=\"text\">\n<p>Nach 11 Wochen auf Tour, besucht mich Denise f\u00fcr zwei Wochen in meinem Sabbatical. Wir sind zusammen eine Woche in Buenos Aires und reisen dann (riesen Abenteuer mit dem Fernbus) \u00fcber Nacht nach Mendoza. Stadtwanderungen, Graffitti Tour auf dem Velo, Wein und feines Essen, Tango (Ohhh) und Konzerte\/Theater (jaaa genau, da war ein Ballett mit &#8230;<\/p>\n\n<\/div>\n","protected":false},"author":5,"featured_media":1698,"comment_status":"open","ping_status":"closed","sticky":false,"template":"","format":"standard","meta":{"footnotes":""},"categories":[54,17,21,15,18],"tags":[60,61,25,59,24],"class_list":["post-1665","post","type-post","status-publish","format-standard","has-post-thumbnail","hentry","category-argentinien","category-impressionen","category-pic-of-the-week","category-sabbatical","category-wochenupdate","tag-besuch","tag-denise","tag-sabbatical","tag-woche-12","tag-wochenbericht","entry-lead"],"_links":{"self":[{"href":"https:\/\/blog.marc-fritschi.ch\/index.php?rest_route=\/wp\/v2\/posts\/1665","targetHints":{"allow":["GET"]}}],"collection":[{"href":"https:\/\/blog.marc-fritschi.ch\/index.php?rest_route=\/wp\/v2\/posts"}],"about":[{"href":"https:\/\/blog.marc-fritschi.ch\/index.php?rest_route=\/wp\/v2\/types\/post"}],"author":[{"embeddable":true,"href":"https:\/\/blog.marc-fritschi.ch\/index.php?rest_route=\/wp\/v2\/users\/5"}],"replies":[{"embeddable":true,"href":"https:\/\/blog.marc-fritschi.ch\/index.php?rest_route=%2Fwp%2Fv2%2Fcomments&post=1665"}],"version-history":[{"count":1,"href":"https:\/\/blog.marc-fritschi.ch\/index.php?rest_route=\/wp\/v2\/posts\/1665\/revisions"}],"predecessor-version":[{"id":8008,"href":"https:\/\/blog.marc-fritschi.ch\/index.php?rest_route=\/wp\/v2\/posts\/1665\/revisions\/8008"}],"wp:featuredmedia":[{"embeddable":true,"href":"https:\/\/blog.marc-fritschi.ch\/index.php?rest_route=\/wp\/v2\/media\/1698"}],"wp:attachment":[{"href":"https:\/\/blog.marc-fritschi.ch\/index.php?rest_route=%2Fwp%2Fv2%2Fmedia&parent=1665"}],"wp:term":[{"taxonomy":"category","embeddable":true,"href":"https:\/\/blog.marc-fritschi.ch\/index.php?rest_route=%2Fwp%2Fv2%2Fcategories&post=1665"},{"taxonomy":"post_tag","embeddable":true,"href":"https:\/\/blog.marc-fritschi.ch\/index.php?rest_route=%2Fwp%2Fv2%2Ftags&post=1665"}],"curies":[{"name":"wp","href":"https:\/\/api.w.org\/{rel}","templated":true}]}}