{"id":1680,"date":"2016-11-26T00:05:22","date_gmt":"2016-11-25T23:05:22","guid":{"rendered":"http:\/\/blog.marc-fritschi.ch\/?p=1680"},"modified":"2022-12-03T16:23:44","modified_gmt":"2022-12-03T15:23:44","slug":"woche-13-2016-11-27-suedamerika-mendoza","status":"publish","type":"post","link":"https:\/\/blog.marc-fritschi.ch\/?p=1680","title":{"rendered":"Woche 13: 2016-11-26, S\u00fcdamerika \u2013 Mendoza"},"content":{"rendered":"<div class=\"entry-content\" itemprop=\"text\">\n<p>Eine Woche lang guten Wein trinken &#8211; habe ich mir ausgemalt&#8230; Trekking in den Anden Argentiniens, mit dem Pferd durch die T\u00e4ler von Mendoza, mit dem Fahrrad von Weingut zu Weingut &#8211; bis wir nicht mehr k\u00f6nnen \ud83d\ude09 alles in allem, eine Woche mit viel Genuss und Erholung zugleich. Es kam etwas anders&#8230;<\/p>\n<p>Nach der n\u00e4chtlichen Busfahrt von Buenos Aires nach Mendoza (13 Stunden) stiegen wir recht gut erholt am Busbahnhof bei Mendoza aus, uns erwartete bereits die beiden Guides. Im Landrover Defender ging es dann hoch in die Anden auf rund 2900 Meter H\u00f6he. Eine kurze Wanderung am Tag eins und eine erste Wanderung auf einen knapp 4000 Meter hohen Berg in der Nachbarschaft konnten wir angehen, dann ging es richtig los:<\/p>\n<ol>\n<li>Schnee und Regen mit Gewitter<\/li>\n<li>Denise H\u00f6henkrank<\/li>\n<li>Erdbeben der St\u00e4rke 6.4&nbsp;<\/li>\n<\/ol>\n<p><img loading=\"lazy\" decoding=\"async\" class=\"alignnone size-large wp-image-1704\" src=\"https:\/\/blog.marc-fritschi.ch\/wp-content\/uploads\/2016\/11\/2016-11-20_21.47.25-1024x1024.jpg\" alt=\"2016-11-20_21-47-25\" width=\"660\" height=\"660\" srcset=\"https:\/\/blog.marc-fritschi.ch\/wp-content\/uploads\/2016\/11\/2016-11-20_21.47.25-1024x1024.jpg 1024w, https:\/\/blog.marc-fritschi.ch\/wp-content\/uploads\/2016\/11\/2016-11-20_21.47.25-150x150.jpg 150w, https:\/\/blog.marc-fritschi.ch\/wp-content\/uploads\/2016\/11\/2016-11-20_21.47.25-300x300.jpg 300w, https:\/\/blog.marc-fritschi.ch\/wp-content\/uploads\/2016\/11\/2016-11-20_21.47.25-768x768.jpg 768w, https:\/\/blog.marc-fritschi.ch\/wp-content\/uploads\/2016\/11\/2016-11-20_21.47.25-600x600.jpg 600w, https:\/\/blog.marc-fritschi.ch\/wp-content\/uploads\/2016\/11\/2016-11-20_21.47.25-700x700.jpg 700w, https:\/\/blog.marc-fritschi.ch\/wp-content\/uploads\/2016\/11\/2016-11-20_21.47.25-332x332.jpg 332w, https:\/\/blog.marc-fritschi.ch\/wp-content\/uploads\/2016\/11\/2016-11-20_21.47.25-432x432.jpg 432w, https:\/\/blog.marc-fritschi.ch\/wp-content\/uploads\/2016\/11\/2016-11-20_21.47.25-268x268.jpg 268w, https:\/\/blog.marc-fritschi.ch\/wp-content\/uploads\/2016\/11\/2016-11-20_21.47.25.jpg 1440w\" sizes=\"auto, (max-width: 660px) 100vw, 660px\" \/><\/p>\n<p>Wir haben beschlossen den Rest der Ferien in Mendoza in einer etwas tiefer gelegenen Gegend zu verbringen &#8211; also \u00dcbungs-Abbruch und Fahrt retour nach Mendoza. In Mendoza erholen wir uns von den Strapazen und planen unsere n\u00e4chsten Abenteuer.&nbsp;<\/p>\n<p><img loading=\"lazy\" decoding=\"async\" class=\"alignnone size-large wp-image-1719\" src=\"https:\/\/blog.marc-fritschi.ch\/wp-content\/uploads\/2016\/11\/2016-11-25_23.18.33-1024x1024.jpg\" alt=\"2016-11-25_23-18-33\" width=\"660\" height=\"660\" srcset=\"https:\/\/blog.marc-fritschi.ch\/wp-content\/uploads\/2016\/11\/2016-11-25_23.18.33-1024x1024.jpg 1024w, https:\/\/blog.marc-fritschi.ch\/wp-content\/uploads\/2016\/11\/2016-11-25_23.18.33-150x150.jpg 150w, https:\/\/blog.marc-fritschi.ch\/wp-content\/uploads\/2016\/11\/2016-11-25_23.18.33-300x300.jpg 300w, https:\/\/blog.marc-fritschi.ch\/wp-content\/uploads\/2016\/11\/2016-11-25_23.18.33-768x768.jpg 768w, https:\/\/blog.marc-fritschi.ch\/wp-content\/uploads\/2016\/11\/2016-11-25_23.18.33-600x600.jpg 600w, https:\/\/blog.marc-fritschi.ch\/wp-content\/uploads\/2016\/11\/2016-11-25_23.18.33-700x700.jpg 700w, https:\/\/blog.marc-fritschi.ch\/wp-content\/uploads\/2016\/11\/2016-11-25_23.18.33-332x332.jpg 332w, https:\/\/blog.marc-fritschi.ch\/wp-content\/uploads\/2016\/11\/2016-11-25_23.18.33-432x432.jpg 432w, https:\/\/blog.marc-fritschi.ch\/wp-content\/uploads\/2016\/11\/2016-11-25_23.18.33-268x268.jpg 268w, https:\/\/blog.marc-fritschi.ch\/wp-content\/uploads\/2016\/11\/2016-11-25_23.18.33.jpg 1440w\" sizes=\"auto, (max-width: 660px) 100vw, 660px\" \/><\/p>\n<p>Nach einem kurzen Abstecher nach Buenos Aires (mal sehen wie kurz das wird, da die Lufthansa Piloten streiken, k\u00f6nnten wir in Argentinien noch etwas festh\u00e4ngen) &#8211; heisst es nun bald Abschied nehmen von S\u00fcdamerika, es geht wieder retour in die Schweiz, in den Winter. Der Sabbatical geht weiter &#8211; mit Maiens\u00e4ss, Behindertenheim, Weihnachtsvorbereitungen, Skifahren. Ich freue mich auf den n\u00e4chsten Zeitabschnitt, schaue mit Genugtuung auf die letzten Wochen und Monate zur\u00fcck. Eine solche Reise ist sehr empfehlenswert.<\/p>\n\n\n<\/div>\n","protected":false},"excerpt":{"rendered":"<div class=\"entry-summary\" itemprop=\"text\">\n<p>Eine Woche lang guten Wein trinken &#8211; habe ich mir ausgemalt&#8230; Trekking in den Anden Argentiniens, mit dem Pferd durch die T\u00e4ler von Mendoza, mit dem Fahrrad von Weingut zu Weingut &#8211; bis wir nicht mehr k\u00f6nnen \ud83d\ude09 alles in allem, eine Woche mit viel Genuss und Erholung zugleich. Es kam etwas anders&#8230; Nach der &#8230;<\/p>\n\n<\/div>\n","protected":false},"author":5,"featured_media":1703,"comment_status":"open","ping_status":"closed","sticky":false,"template":"","format":"standard","meta":{"footnotes":""},"categories":[54,17,21,15,18],"tags":[68,58,69,61,72,63,56,25,73,71,70,67,62,24],"class_list":["post-1680","post","type-post","status-publish","format-standard","has-post-thumbnail","hentry","category-argentinien","category-impressionen","category-pic-of-the-week","category-sabbatical","category-wochenupdate","tag-anden","tag-argentinien","tag-berge","tag-denise","tag-erdbeben","tag-mendoza","tag-pic-of-the-week","tag-sabbatical","tag-schnee","tag-velofahren","tag-wandern","tag-wein","tag-woche-13","tag-wochenbericht","entry-lead"],"_links":{"self":[{"href":"https:\/\/blog.marc-fritschi.ch\/index.php?rest_route=\/wp\/v2\/posts\/1680","targetHints":{"allow":["GET"]}}],"collection":[{"href":"https:\/\/blog.marc-fritschi.ch\/index.php?rest_route=\/wp\/v2\/posts"}],"about":[{"href":"https:\/\/blog.marc-fritschi.ch\/index.php?rest_route=\/wp\/v2\/types\/post"}],"author":[{"embeddable":true,"href":"https:\/\/blog.marc-fritschi.ch\/index.php?rest_route=\/wp\/v2\/users\/5"}],"replies":[{"embeddable":true,"href":"https:\/\/blog.marc-fritschi.ch\/index.php?rest_route=%2Fwp%2Fv2%2Fcomments&post=1680"}],"version-history":[{"count":1,"href":"https:\/\/blog.marc-fritschi.ch\/index.php?rest_route=\/wp\/v2\/posts\/1680\/revisions"}],"predecessor-version":[{"id":8007,"href":"https:\/\/blog.marc-fritschi.ch\/index.php?rest_route=\/wp\/v2\/posts\/1680\/revisions\/8007"}],"wp:featuredmedia":[{"embeddable":true,"href":"https:\/\/blog.marc-fritschi.ch\/index.php?rest_route=\/wp\/v2\/media\/1703"}],"wp:attachment":[{"href":"https:\/\/blog.marc-fritschi.ch\/index.php?rest_route=%2Fwp%2Fv2%2Fmedia&parent=1680"}],"wp:term":[{"taxonomy":"category","embeddable":true,"href":"https:\/\/blog.marc-fritschi.ch\/index.php?rest_route=%2Fwp%2Fv2%2Fcategories&post=1680"},{"taxonomy":"post_tag","embeddable":true,"href":"https:\/\/blog.marc-fritschi.ch\/index.php?rest_route=%2Fwp%2Fv2%2Ftags&post=1680"}],"curies":[{"name":"wp","href":"https:\/\/api.w.org\/{rel}","templated":true}]}}