{"id":1945,"date":"2017-01-08T12:19:42","date_gmt":"2017-01-08T11:19:42","guid":{"rendered":"http:\/\/blog.marc-fritschi.ch\/?p=1945"},"modified":"2022-12-03T16:23:25","modified_gmt":"2022-12-03T15:23:25","slug":"woche-19-2017-01-08-start-2017","status":"publish","type":"post","link":"https:\/\/blog.marc-fritschi.ch\/?p=1945","title":{"rendered":"Woche 19: 2017-01-08, Start 2017 &#8211; der Winter ist nun wirklich da"},"content":{"rendered":"<div class=\"entry-content\" itemprop=\"text\">\n<p>Das neue Jahr hat gut gestartet &#8211; vor allem ist der Winter nun angekommen&#8230; bei Temperaturen von bis zu -19 Grad war es im Innern des Maiens\u00e4ss angenehm warm. Erste Schw\u00fcnge auf der Piste und vielversprechende Aussichten auf mehr Schnee in den n\u00e4chsten Wochen.<\/p>\n<p><img loading=\"lazy\" decoding=\"async\" class=\"alignnone size-large wp-image-3049\" src=\"https:\/\/blog.marc-fritschi.ch\/wp-content\/uploads\/2017\/01\/20170105_162343-schnee-1024x569.jpg\" alt=\"\" width=\"660\" height=\"367\" srcset=\"https:\/\/blog.marc-fritschi.ch\/wp-content\/uploads\/2017\/01\/20170105_162343-schnee-1024x569.jpg 1024w, https:\/\/blog.marc-fritschi.ch\/wp-content\/uploads\/2017\/01\/20170105_162343-schnee-300x167.jpg 300w, https:\/\/blog.marc-fritschi.ch\/wp-content\/uploads\/2017\/01\/20170105_162343-schnee-768x427.jpg 768w, https:\/\/blog.marc-fritschi.ch\/wp-content\/uploads\/2017\/01\/20170105_162343-schnee-600x334.jpg 600w, https:\/\/blog.marc-fritschi.ch\/wp-content\/uploads\/2017\/01\/20170105_162343-schnee-700x389.jpg 700w\" sizes=\"auto, (max-width: 660px) 100vw, 660px\" \/><\/p>\n<p>&nbsp;<\/p>\n\n\n<\/div>\n","protected":false},"excerpt":{"rendered":"<div class=\"entry-summary\" itemprop=\"text\">\n<p>Das neue Jahr hat gut gestartet &#8211; vor allem ist der Winter nun angekommen&#8230; bei Temperaturen von bis zu -19 Grad war es im Innern des Maiens\u00e4ss angenehm warm. Erste Schw\u00fcnge auf der Piste und vielversprechende Aussichten auf mehr Schnee in den n\u00e4chsten Wochen. &nbsp;<\/p>\n\n<\/div>\n","protected":false},"author":5,"featured_media":3048,"comment_status":"open","ping_status":"closed","sticky":false,"template":"","format":"standard","meta":{"footnotes":""},"categories":[17,21,15,74,18],"tags":[56,25,65,92,24],"class_list":["post-1945","post","type-post","status-publish","format-standard","has-post-thumbnail","hentry","category-impressionen","category-pic-of-the-week","category-sabbatical","category-schweiz","category-wochenupdate","tag-pic-of-the-week","tag-sabbatical","tag-schweiz","tag-woche-19","tag-wochenbericht","entry-lead"],"_links":{"self":[{"href":"https:\/\/blog.marc-fritschi.ch\/index.php?rest_route=\/wp\/v2\/posts\/1945","targetHints":{"allow":["GET"]}}],"collection":[{"href":"https:\/\/blog.marc-fritschi.ch\/index.php?rest_route=\/wp\/v2\/posts"}],"about":[{"href":"https:\/\/blog.marc-fritschi.ch\/index.php?rest_route=\/wp\/v2\/types\/post"}],"author":[{"embeddable":true,"href":"https:\/\/blog.marc-fritschi.ch\/index.php?rest_route=\/wp\/v2\/users\/5"}],"replies":[{"embeddable":true,"href":"https:\/\/blog.marc-fritschi.ch\/index.php?rest_route=%2Fwp%2Fv2%2Fcomments&post=1945"}],"version-history":[{"count":1,"href":"https:\/\/blog.marc-fritschi.ch\/index.php?rest_route=\/wp\/v2\/posts\/1945\/revisions"}],"predecessor-version":[{"id":8001,"href":"https:\/\/blog.marc-fritschi.ch\/index.php?rest_route=\/wp\/v2\/posts\/1945\/revisions\/8001"}],"wp:featuredmedia":[{"embeddable":true,"href":"https:\/\/blog.marc-fritschi.ch\/index.php?rest_route=\/wp\/v2\/media\/3048"}],"wp:attachment":[{"href":"https:\/\/blog.marc-fritschi.ch\/index.php?rest_route=%2Fwp%2Fv2%2Fmedia&parent=1945"}],"wp:term":[{"taxonomy":"category","embeddable":true,"href":"https:\/\/blog.marc-fritschi.ch\/index.php?rest_route=%2Fwp%2Fv2%2Fcategories&post=1945"},{"taxonomy":"post_tag","embeddable":true,"href":"https:\/\/blog.marc-fritschi.ch\/index.php?rest_route=%2Fwp%2Fv2%2Ftags&post=1945"}],"curies":[{"name":"wp","href":"https:\/\/api.w.org\/{rel}","templated":true}]}}