{"id":288,"date":"2016-09-12T06:23:28","date_gmt":"2016-09-12T04:23:28","guid":{"rendered":"http:\/\/blog.marc-fritschi.ch\/?p=288"},"modified":"2022-12-03T16:23:44","modified_gmt":"2022-12-03T15:23:44","slug":"woche-2","status":"publish","type":"post","link":"https:\/\/blog.marc-fritschi.ch\/?p=288","title":{"rendered":"Woche 2: 2016-09-11, Reise nach Vancouver\/Kanada, kanadischer Wein probiert, wandern mit locals"},"content":{"rendered":"<div class=\"entry-content\" itemprop=\"text\">\n<p>In Kanada angekommen nach einem sehr langen Flug. Der Aufpreis f\u00fcr Eco Plus hat sich sicher bezahlt gemacht &#8211; nach 11 Stunden ist man dann einfach froh aus dem Flieger zu steigen.<\/p>\n<p>Vancouver, Kelowna, Nakups, Gwillim Lakes, Golden &#8211; das sind die Stationen welche wir bereits angesteuert haben.<\/p>\n<p><a href=\"https:\/\/blog.marc-fritschi.ch\/wp-content\/uploads\/2016\/09\/map_kanada1.jpg\"><img loading=\"lazy\" decoding=\"async\" class=\"alignnone size-medium wp-image-289\" src=\"https:\/\/blog.marc-fritschi.ch\/wp-content\/uploads\/2016\/09\/map_kanada1-300x139.jpg\" alt=\"map_kanada1\" width=\"300\" height=\"139\" srcset=\"https:\/\/blog.marc-fritschi.ch\/wp-content\/uploads\/2016\/09\/map_kanada1-300x139.jpg 300w, https:\/\/blog.marc-fritschi.ch\/wp-content\/uploads\/2016\/09\/map_kanada1-768x356.jpg 768w, https:\/\/blog.marc-fritschi.ch\/wp-content\/uploads\/2016\/09\/map_kanada1-1024x475.jpg 1024w, https:\/\/blog.marc-fritschi.ch\/wp-content\/uploads\/2016\/09\/map_kanada1-600x278.jpg 600w, https:\/\/blog.marc-fritschi.ch\/wp-content\/uploads\/2016\/09\/map_kanada1-700x325.jpg 700w, https:\/\/blog.marc-fritschi.ch\/wp-content\/uploads\/2016\/09\/map_kanada1-332x154.jpg 332w, https:\/\/blog.marc-fritschi.ch\/wp-content\/uploads\/2016\/09\/map_kanada1.jpg 1471w\" sizes=\"auto, (max-width: 300px) 100vw, 300px\" \/><\/a><\/p>\n<p>Neben den vielen Stunden auf den breiten Strassen Kanadas, haben wir bereits viele Eindr\u00fccke gesammelt &#8211; herausragend war da die Trekking Tour mit den Einheimischen &#8211; auf dem R\u00fcckweg hatten wir unsere ersten B\u00e4ren Sichtungen &#8211; EINDR\u00dcCKLICH.<\/p>\n<p>Die M\u00e4nner Reisegruppe hat sich nach den Tagen in Kanada gut formiert und wir funktionieren gut. Das macht die t\u00e4glichen Abl\u00e4ufe auch ohne Huddle-Board effizient \ud83d\ude09<\/p>\n\n\n<\/div>\n","protected":false},"excerpt":{"rendered":"<div class=\"entry-summary\" itemprop=\"text\">\n<p>In Kanada angekommen nach einem sehr langen Flug. Der Aufpreis f\u00fcr Eco Plus hat sich sicher bezahlt gemacht &#8211; nach 11 Stunden ist man dann einfach froh aus dem Flieger zu steigen. Vancouver, Kelowna, Nakups, Gwillim Lakes, Golden &#8211; das sind die Stationen welche wir bereits angesteuert haben. Neben den vielen Stunden auf den breiten &#8230;<\/p>\n\n<\/div>\n","protected":false},"author":5,"featured_media":834,"comment_status":"open","ping_status":"closed","sticky":false,"template":"","format":"standard","meta":{"footnotes":""},"categories":[15,18],"tags":[26,25,23,24],"class_list":["post-288","post","type-post","status-publish","format-standard","has-post-thumbnail","hentry","category-sabbatical","category-wochenupdate","tag-kanada","tag-sabbatical","tag-woche-2","tag-wochenbericht","entry-lead"],"_links":{"self":[{"href":"https:\/\/blog.marc-fritschi.ch\/index.php?rest_route=\/wp\/v2\/posts\/288","targetHints":{"allow":["GET"]}}],"collection":[{"href":"https:\/\/blog.marc-fritschi.ch\/index.php?rest_route=\/wp\/v2\/posts"}],"about":[{"href":"https:\/\/blog.marc-fritschi.ch\/index.php?rest_route=\/wp\/v2\/types\/post"}],"author":[{"embeddable":true,"href":"https:\/\/blog.marc-fritschi.ch\/index.php?rest_route=\/wp\/v2\/users\/5"}],"replies":[{"embeddable":true,"href":"https:\/\/blog.marc-fritschi.ch\/index.php?rest_route=%2Fwp%2Fv2%2Fcomments&post=288"}],"version-history":[{"count":1,"href":"https:\/\/blog.marc-fritschi.ch\/index.php?rest_route=\/wp\/v2\/posts\/288\/revisions"}],"predecessor-version":[{"id":8018,"href":"https:\/\/blog.marc-fritschi.ch\/index.php?rest_route=\/wp\/v2\/posts\/288\/revisions\/8018"}],"wp:featuredmedia":[{"embeddable":true,"href":"https:\/\/blog.marc-fritschi.ch\/index.php?rest_route=\/wp\/v2\/media\/834"}],"wp:attachment":[{"href":"https:\/\/blog.marc-fritschi.ch\/index.php?rest_route=%2Fwp%2Fv2%2Fmedia&parent=288"}],"wp:term":[{"taxonomy":"category","embeddable":true,"href":"https:\/\/blog.marc-fritschi.ch\/index.php?rest_route=%2Fwp%2Fv2%2Fcategories&post=288"},{"taxonomy":"post_tag","embeddable":true,"href":"https:\/\/blog.marc-fritschi.ch\/index.php?rest_route=%2Fwp%2Fv2%2Ftags&post=288"}],"curies":[{"name":"wp","href":"https:\/\/api.w.org\/{rel}","templated":true}]}}