{"id":341,"date":"2016-09-19T02:00:00","date_gmt":"2016-09-19T00:00:00","guid":{"rendered":"http:\/\/blog.marc-fritschi.ch\/?p=341"},"modified":"2022-12-03T16:23:44","modified_gmt":"2022-12-03T15:23:44","slug":"woche-3","status":"publish","type":"post","link":"https:\/\/blog.marc-fritschi.ch\/?p=341","title":{"rendered":"Woche 3: 2016-09-18, erster Schwarzb\u00e4r gesehen, Wanderung im Yoho National Park\u00a0"},"content":{"rendered":"<div class=\"entry-content\" itemprop=\"text\">\n<p>Nach der ersten B\u00e4ren Sichtung hier einige Bilder &#8211; zum Gl\u00fcck hatten wir noch nicht den direkten Kontakt aus der unmittelbaren N\u00e4he.<\/p>\n<p><a href=\"https:\/\/blog.marc-fritschi.ch\/wp-content\/uploads\/2016\/09\/2016-09-12-15.02.08.jpg\"><img loading=\"lazy\" decoding=\"async\" class=\"alignnone size-medium wp-image-348\" src=\"https:\/\/blog.marc-fritschi.ch\/wp-content\/uploads\/2016\/09\/2016-09-12-15.02.08-169x300.jpg\" alt=\"2016-09-12-15-02-08\" width=\"169\" height=\"300\" srcset=\"https:\/\/blog.marc-fritschi.ch\/wp-content\/uploads\/2016\/09\/2016-09-12-15.02.08-169x300.jpg 169w, https:\/\/blog.marc-fritschi.ch\/wp-content\/uploads\/2016\/09\/2016-09-12-15.02.08-768x1365.jpg 768w, https:\/\/blog.marc-fritschi.ch\/wp-content\/uploads\/2016\/09\/2016-09-12-15.02.08-576x1024.jpg 576w, https:\/\/blog.marc-fritschi.ch\/wp-content\/uploads\/2016\/09\/2016-09-12-15.02.08-600x1066.jpg 600w, https:\/\/blog.marc-fritschi.ch\/wp-content\/uploads\/2016\/09\/2016-09-12-15.02.08-700x1244.jpg 700w, https:\/\/blog.marc-fritschi.ch\/wp-content\/uploads\/2016\/09\/2016-09-12-15.02.08-332x590.jpg 332w, https:\/\/blog.marc-fritschi.ch\/wp-content\/uploads\/2016\/09\/2016-09-12-15.02.08.jpg 1024w\" sizes=\"auto, (max-width: 169px) 100vw, 169px\" \/><\/a> <a href=\"https:\/\/blog.marc-fritschi.ch\/wp-content\/uploads\/2016\/09\/2016-09-15-13.44.24-sw.jpg\"><img loading=\"lazy\" decoding=\"async\" class=\"alignnone size-medium wp-image-346\" src=\"https:\/\/blog.marc-fritschi.ch\/wp-content\/uploads\/2016\/09\/2016-09-15-13.44.24-sw-169x300.jpg\" alt=\"2016-09-15-13-44-24-sw\" width=\"169\" height=\"300\" srcset=\"https:\/\/blog.marc-fritschi.ch\/wp-content\/uploads\/2016\/09\/2016-09-15-13.44.24-sw-169x300.jpg 169w, https:\/\/blog.marc-fritschi.ch\/wp-content\/uploads\/2016\/09\/2016-09-15-13.44.24-sw-768x1365.jpg 768w, https:\/\/blog.marc-fritschi.ch\/wp-content\/uploads\/2016\/09\/2016-09-15-13.44.24-sw-576x1024.jpg 576w, https:\/\/blog.marc-fritschi.ch\/wp-content\/uploads\/2016\/09\/2016-09-15-13.44.24-sw-600x1067.jpg 600w, https:\/\/blog.marc-fritschi.ch\/wp-content\/uploads\/2016\/09\/2016-09-15-13.44.24-sw-700x1244.jpg 700w, https:\/\/blog.marc-fritschi.ch\/wp-content\/uploads\/2016\/09\/2016-09-15-13.44.24-sw-332x590.jpg 332w, https:\/\/blog.marc-fritschi.ch\/wp-content\/uploads\/2016\/09\/2016-09-15-13.44.24-sw.jpg 1440w\" sizes=\"auto, (max-width: 169px) 100vw, 169px\" \/><\/a><a href=\"https:\/\/blog.marc-fritschi.ch\/wp-content\/uploads\/2016\/09\/2016-09-14-15.31.07.jpg\"><img loading=\"lazy\" decoding=\"async\" class=\"alignnone size-medium wp-image-349\" src=\"https:\/\/blog.marc-fritschi.ch\/wp-content\/uploads\/2016\/09\/2016-09-14-15.31.07-225x300.jpg\" alt=\"2016-09-14-15-31-07\" width=\"225\" height=\"300\" srcset=\"https:\/\/blog.marc-fritschi.ch\/wp-content\/uploads\/2016\/09\/2016-09-14-15.31.07-225x300.jpg 225w, https:\/\/blog.marc-fritschi.ch\/wp-content\/uploads\/2016\/09\/2016-09-14-15.31.07-768x1024.jpg 768w, https:\/\/blog.marc-fritschi.ch\/wp-content\/uploads\/2016\/09\/2016-09-14-15.31.07-600x800.jpg 600w, https:\/\/blog.marc-fritschi.ch\/wp-content\/uploads\/2016\/09\/2016-09-14-15.31.07-700x933.jpg 700w, https:\/\/blog.marc-fritschi.ch\/wp-content\/uploads\/2016\/09\/2016-09-14-15.31.07-332x443.jpg 332w, https:\/\/blog.marc-fritschi.ch\/wp-content\/uploads\/2016\/09\/2016-09-14-15.31.07.jpg 1024w\" sizes=\"auto, (max-width: 225px) 100vw, 225px\" \/><\/a>Schwarzb\u00e4r (Bild in der Mitte) (C)2016PW<\/p>\n<p>Unsere Wandertouren werden intensiver und wir sp\u00fcren auch die doch herbstlichen Bedingungen &#8211; im Yoho Nationalpark war es um 9 Uhr morgens -2 Grad&#8230; da ist man froh um die extra Schicht Merino.<\/p>\n<p>Diese Woche hatten wir unser AirBnB Erlebnis der anderen Art. Wir waren bis jetzt sehr gut zufrieden mit den AirBnB Unterk\u00fcnften. Unser Host in Duster (am Ausgang des Jasper Nationalparks) hat jedoch gerade in einigen Kategorien den Vogel abgeschossen &#8211; wir teilten die Wohnung mit seinem Hund und entsprechend sauber war es da auch. Im Keller des Vermieters war dann auch noch eine kleine 2. Weltkrieg Waffen, Uniform und Fahnen Sammlung. Flucht nach vorn war angesagt, wir sind dann noch vor der ersten Nacht weitergefahren und haben uns eine saubere, gepflegte Cabin gebucht.<\/p>\n<p>Mt. McBride Peak war dann einer der Gipfel welche wir diese Woche bezwungen haben, trotz dem durchzogenen Wetter wurden wir mit einer sehr sch\u00f6nen Aussicht belohnt.<\/p>\n<p><img loading=\"lazy\" decoding=\"async\" class=\"alignnone wp-image-347 size-large\" src=\"https:\/\/blog.marc-fritschi.ch\/wp-content\/uploads\/2016\/09\/2016-09-14-15.34.47-1024x290.jpg\" alt=\"Mt. McBride Peak\" width=\"660\" height=\"187\" srcset=\"https:\/\/blog.marc-fritschi.ch\/wp-content\/uploads\/2016\/09\/2016-09-14-15.34.47.jpg 1024w, https:\/\/blog.marc-fritschi.ch\/wp-content\/uploads\/2016\/09\/2016-09-14-15.34.47-300x85.jpg 300w, https:\/\/blog.marc-fritschi.ch\/wp-content\/uploads\/2016\/09\/2016-09-14-15.34.47-768x218.jpg 768w, https:\/\/blog.marc-fritschi.ch\/wp-content\/uploads\/2016\/09\/2016-09-14-15.34.47-600x170.jpg 600w, https:\/\/blog.marc-fritschi.ch\/wp-content\/uploads\/2016\/09\/2016-09-14-15.34.47-700x198.jpg 700w, https:\/\/blog.marc-fritschi.ch\/wp-content\/uploads\/2016\/09\/2016-09-14-15.34.47-332x94.jpg 332w\" sizes=\"auto, (max-width: 660px) 100vw, 660px\" \/><\/p>\n<p><img loading=\"lazy\" decoding=\"async\" class=\"alignnone wp-image-351 size-large\" src=\"https:\/\/blog.marc-fritschi.ch\/wp-content\/uploads\/2016\/09\/2016-09-14-16.21.06-e1474127210831-1024x288.jpg\" alt=\"Aussicht von Mt. McPride Peak\" width=\"660\" height=\"186\" srcset=\"https:\/\/blog.marc-fritschi.ch\/wp-content\/uploads\/2016\/09\/2016-09-14-16.21.06-e1474127210831-1024x288.jpg 1024w, https:\/\/blog.marc-fritschi.ch\/wp-content\/uploads\/2016\/09\/2016-09-14-16.21.06-e1474127210831-300x84.jpg 300w, https:\/\/blog.marc-fritschi.ch\/wp-content\/uploads\/2016\/09\/2016-09-14-16.21.06-e1474127210831-768x216.jpg 768w, https:\/\/blog.marc-fritschi.ch\/wp-content\/uploads\/2016\/09\/2016-09-14-16.21.06-e1474127210831-600x168.jpg 600w, https:\/\/blog.marc-fritschi.ch\/wp-content\/uploads\/2016\/09\/2016-09-14-16.21.06-e1474127210831-700x197.jpg 700w, https:\/\/blog.marc-fritschi.ch\/wp-content\/uploads\/2016\/09\/2016-09-14-16.21.06-e1474127210831-332x93.jpg 332w\" sizes=\"auto, (max-width: 660px) 100vw, 660px\" \/><\/p>\n<p>Heute fliegen wir mit dem Wasserflugzeug in die Wildnis, wir werden also einige Tage OFFLINE sein &#8211; mal schauen wie das Experiment OFF INTERNET, OFF POWER GRID, OFF CIVILISATION funktioniert.<\/p>\n<p><img loading=\"lazy\" decoding=\"async\" class=\"alignnone size-large wp-image-354\" src=\"https:\/\/blog.marc-fritschi.ch\/wp-content\/uploads\/2016\/09\/tetachuck-1024x460.jpg\" alt=\"tetachuck\" width=\"660\" height=\"296\" srcset=\"https:\/\/blog.marc-fritschi.ch\/wp-content\/uploads\/2016\/09\/tetachuck-1024x460.jpg 1024w, https:\/\/blog.marc-fritschi.ch\/wp-content\/uploads\/2016\/09\/tetachuck-300x135.jpg 300w, https:\/\/blog.marc-fritschi.ch\/wp-content\/uploads\/2016\/09\/tetachuck-768x345.jpg 768w, https:\/\/blog.marc-fritschi.ch\/wp-content\/uploads\/2016\/09\/tetachuck-600x269.jpg 600w, https:\/\/blog.marc-fritschi.ch\/wp-content\/uploads\/2016\/09\/tetachuck-700x314.jpg 700w, https:\/\/blog.marc-fritschi.ch\/wp-content\/uploads\/2016\/09\/tetachuck-332x149.jpg 332w, https:\/\/blog.marc-fritschi.ch\/wp-content\/uploads\/2016\/09\/tetachuck.jpg 1425w\" sizes=\"auto, (max-width: 660px) 100vw, 660px\" \/><\/p>\n<p>Update folgt&#8230;<\/p>\n\n\n<\/div>\n","protected":false},"excerpt":{"rendered":"<div class=\"entry-summary\" itemprop=\"text\">\n<p>Nach der ersten B\u00e4ren Sichtung hier einige Bilder &#8211; zum Gl\u00fcck hatten wir noch nicht den direkten Kontakt aus der unmittelbaren N\u00e4he. Schwarzb\u00e4r (Bild in der Mitte) (C)2016PW Unsere Wandertouren werden intensiver und wir sp\u00fcren auch die doch herbstlichen Bedingungen &#8211; im Yoho Nationalpark war es um 9 Uhr morgens -2 Grad&#8230; da ist man &#8230;<\/p>\n\n<\/div>\n","protected":false},"author":5,"featured_media":831,"comment_status":"open","ping_status":"closed","sticky":false,"template":"","format":"standard","meta":{"footnotes":""},"categories":[21,18],"tags":[28,26,30,25,29,27,24],"class_list":["post-341","post","type-post","status-publish","format-standard","has-post-thumbnail","hentry","category-pic-of-the-week","category-wochenupdate","tag-airbnb","tag-kanada","tag-offline","tag-sabbatical","tag-tetachuck","tag-woche-3","tag-wochenbericht","entry-lead"],"_links":{"self":[{"href":"https:\/\/blog.marc-fritschi.ch\/index.php?rest_route=\/wp\/v2\/posts\/341","targetHints":{"allow":["GET"]}}],"collection":[{"href":"https:\/\/blog.marc-fritschi.ch\/index.php?rest_route=\/wp\/v2\/posts"}],"about":[{"href":"https:\/\/blog.marc-fritschi.ch\/index.php?rest_route=\/wp\/v2\/types\/post"}],"author":[{"embeddable":true,"href":"https:\/\/blog.marc-fritschi.ch\/index.php?rest_route=\/wp\/v2\/users\/5"}],"replies":[{"embeddable":true,"href":"https:\/\/blog.marc-fritschi.ch\/index.php?rest_route=%2Fwp%2Fv2%2Fcomments&post=341"}],"version-history":[{"count":1,"href":"https:\/\/blog.marc-fritschi.ch\/index.php?rest_route=\/wp\/v2\/posts\/341\/revisions"}],"predecessor-version":[{"id":8017,"href":"https:\/\/blog.marc-fritschi.ch\/index.php?rest_route=\/wp\/v2\/posts\/341\/revisions\/8017"}],"wp:featuredmedia":[{"embeddable":true,"href":"https:\/\/blog.marc-fritschi.ch\/index.php?rest_route=\/wp\/v2\/media\/831"}],"wp:attachment":[{"href":"https:\/\/blog.marc-fritschi.ch\/index.php?rest_route=%2Fwp%2Fv2%2Fmedia&parent=341"}],"wp:term":[{"taxonomy":"category","embeddable":true,"href":"https:\/\/blog.marc-fritschi.ch\/index.php?rest_route=%2Fwp%2Fv2%2Fcategories&post=341"},{"taxonomy":"post_tag","embeddable":true,"href":"https:\/\/blog.marc-fritschi.ch\/index.php?rest_route=%2Fwp%2Fv2%2Ftags&post=341"}],"curies":[{"name":"wp","href":"https:\/\/api.w.org\/{rel}","templated":true}]}}