{"id":3580,"date":"2017-02-13T15:35:36","date_gmt":"2017-02-13T14:35:36","guid":{"rendered":"http:\/\/blog.marc-fritschi.ch\/?p=3580"},"modified":"2022-12-03T16:23:24","modified_gmt":"2022-12-03T15:23:24","slug":"woche-24-2017-02-13-wintersport-und-wetterglueck","status":"publish","type":"post","link":"https:\/\/blog.marc-fritschi.ch\/?p=3580","title":{"rendered":"Woche 24: 2017-02-13, Wintersport und Wettergl\u00fcck"},"content":{"rendered":"<div class=\"entry-content\" itemprop=\"text\">\n<p>Ich erlebe diese Tage, dass auf Wetter und Schnee in den Bergen kein Verlass mehr ist &#8211; der Wetterbericht bietet zwar eine 14 Tages Prognose und muss dennoch kurzfristig teils radikale Anpassungen an den Voraussagen machen &#8211; nur beschr\u00e4nkt hilfreich.<\/p>\n<p><img loading=\"lazy\" decoding=\"async\" class=\"size-medium wp-image-3590 aligncenter\" src=\"https:\/\/blog.marc-fritschi.ch\/wp-content\/uploads\/2017\/02\/2017-02-11-12.55.33-169x300.png\" alt=\"\" width=\"169\" height=\"300\" srcset=\"https:\/\/blog.marc-fritschi.ch\/wp-content\/uploads\/2017\/02\/2017-02-11-12.55.33-169x300.png 169w, https:\/\/blog.marc-fritschi.ch\/wp-content\/uploads\/2017\/02\/2017-02-11-12.55.33-768x1365.png 768w, https:\/\/blog.marc-fritschi.ch\/wp-content\/uploads\/2017\/02\/2017-02-11-12.55.33-576x1024.png 576w, https:\/\/blog.marc-fritschi.ch\/wp-content\/uploads\/2017\/02\/2017-02-11-12.55.33-432x768.png 432w, https:\/\/blog.marc-fritschi.ch\/wp-content\/uploads\/2017\/02\/2017-02-11-12.55.33-600x1067.png 600w, https:\/\/blog.marc-fritschi.ch\/wp-content\/uploads\/2017\/02\/2017-02-11-12.55.33-700x1244.png 700w, https:\/\/blog.marc-fritschi.ch\/wp-content\/uploads\/2017\/02\/2017-02-11-12.55.33.png 1440w\" sizes=\"auto, (max-width: 169px) 100vw, 169px\" \/><\/p>\n<p>Den Luxus haben jeden sch\u00f6nen Tag auf der Pist zu verbringen, ist eine Seltenheit &#8211; ich nutze diese und geniesse die sch\u00f6nen Tage, auch wenn diese kurzfristig zustande kommen. F\u00fcr euch alle heisst dies, meine Sch\u00f6nwetter Fotos kommen weiter auf diesem Kanal. Gute Woche weiterhin!<br \/>\n<img loading=\"lazy\" decoding=\"async\" class=\"aligncenter wp-image-3588 size-large\" src=\"https:\/\/blog.marc-fritschi.ch\/wp-content\/uploads\/2017\/02\/2017-02-09-14.43.32-1024x576.jpg\" width=\"660\" height=\"371\" srcset=\"https:\/\/blog.marc-fritschi.ch\/wp-content\/uploads\/2017\/02\/2017-02-09-14.43.32-1024x576.jpg 1024w, https:\/\/blog.marc-fritschi.ch\/wp-content\/uploads\/2017\/02\/2017-02-09-14.43.32-300x169.jpg 300w, https:\/\/blog.marc-fritschi.ch\/wp-content\/uploads\/2017\/02\/2017-02-09-14.43.32-768x432.jpg 768w, https:\/\/blog.marc-fritschi.ch\/wp-content\/uploads\/2017\/02\/2017-02-09-14.43.32-600x338.jpg 600w, https:\/\/blog.marc-fritschi.ch\/wp-content\/uploads\/2017\/02\/2017-02-09-14.43.32-700x393.jpg 700w\" sizes=\"auto, (max-width: 660px) 100vw, 660px\" \/><\/p>\n<p><img loading=\"lazy\" decoding=\"async\" class=\"aligncenter wp-image-3583 size-large\" src=\"https:\/\/blog.marc-fritschi.ch\/wp-content\/uploads\/2017\/02\/2017-02-10_13.46.31-1024x1024.jpg\" width=\"660\" height=\"660\" srcset=\"https:\/\/blog.marc-fritschi.ch\/wp-content\/uploads\/2017\/02\/2017-02-10_13.46.31-1024x1024.jpg 1024w, https:\/\/blog.marc-fritschi.ch\/wp-content\/uploads\/2017\/02\/2017-02-10_13.46.31-150x150.jpg 150w, https:\/\/blog.marc-fritschi.ch\/wp-content\/uploads\/2017\/02\/2017-02-10_13.46.31-300x300.jpg 300w, https:\/\/blog.marc-fritschi.ch\/wp-content\/uploads\/2017\/02\/2017-02-10_13.46.31-768x768.jpg 768w, https:\/\/blog.marc-fritschi.ch\/wp-content\/uploads\/2017\/02\/2017-02-10_13.46.31-600x600.jpg 600w, https:\/\/blog.marc-fritschi.ch\/wp-content\/uploads\/2017\/02\/2017-02-10_13.46.31-432x432.jpg 432w, https:\/\/blog.marc-fritschi.ch\/wp-content\/uploads\/2017\/02\/2017-02-10_13.46.31-268x268.jpg 268w, https:\/\/blog.marc-fritschi.ch\/wp-content\/uploads\/2017\/02\/2017-02-10_13.46.31-700x700.jpg 700w, https:\/\/blog.marc-fritschi.ch\/wp-content\/uploads\/2017\/02\/2017-02-10_13.46.31.jpg 1440w\" sizes=\"auto, (max-width: 660px) 100vw, 660px\" \/><\/p>\n<p>Mehr zu meinem Wetter Beobachtungsprojekt folgt n\u00e4chste Woche&#8230;<\/p>\n<p><img loading=\"lazy\" decoding=\"async\" class=\"aligncenter wp-image-3589 size-large\" src=\"https:\/\/blog.marc-fritschi.ch\/wp-content\/uploads\/2017\/02\/2017-02-09-15.59.41-576x1024.png\" width=\"576\" height=\"1024\" srcset=\"https:\/\/blog.marc-fritschi.ch\/wp-content\/uploads\/2017\/02\/2017-02-09-15.59.41-576x1024.png 576w, https:\/\/blog.marc-fritschi.ch\/wp-content\/uploads\/2017\/02\/2017-02-09-15.59.41-169x300.png 169w, https:\/\/blog.marc-fritschi.ch\/wp-content\/uploads\/2017\/02\/2017-02-09-15.59.41-768x1365.png 768w, https:\/\/blog.marc-fritschi.ch\/wp-content\/uploads\/2017\/02\/2017-02-09-15.59.41-432x768.png 432w, https:\/\/blog.marc-fritschi.ch\/wp-content\/uploads\/2017\/02\/2017-02-09-15.59.41-600x1067.png 600w, https:\/\/blog.marc-fritschi.ch\/wp-content\/uploads\/2017\/02\/2017-02-09-15.59.41-700x1244.png 700w, https:\/\/blog.marc-fritschi.ch\/wp-content\/uploads\/2017\/02\/2017-02-09-15.59.41.png 1440w\" sizes=\"auto, (max-width: 576px) 100vw, 576px\" \/><\/p>\n\n\n<\/div>\n","protected":false},"excerpt":{"rendered":"<div class=\"entry-summary\" itemprop=\"text\">\n<p>Ich erlebe diese Tage, dass auf Wetter und Schnee in den Bergen kein Verlass mehr ist &#8211; der Wetterbericht bietet zwar eine 14 Tages Prognose und muss dennoch kurzfristig teils radikale Anpassungen an den Voraussagen machen &#8211; nur beschr\u00e4nkt hilfreich. Den Luxus haben jeden sch\u00f6nen Tag auf der Pist zu verbringen, ist eine Seltenheit &#8211; &#8230;<\/p>\n\n<\/div>\n","protected":false},"author":5,"featured_media":3587,"comment_status":"open","ping_status":"closed","sticky":false,"template":"","format":"standard","meta":{"footnotes":""},"categories":[17,21,15,74,97,18],"tags":[56,25,73,65,64,104,103,24],"class_list":["post-3580","post","type-post","status-publish","format-standard","has-post-thumbnail","hentry","category-impressionen","category-pic-of-the-week","category-sabbatical","category-schweiz","category-val-lumnezia","category-wochenupdate","tag-pic-of-the-week","tag-sabbatical","tag-schnee","tag-schweiz","tag-val-lumnezia","tag-wetter","tag-woche-24","tag-wochenbericht","entry-lead"],"_links":{"self":[{"href":"https:\/\/blog.marc-fritschi.ch\/index.php?rest_route=\/wp\/v2\/posts\/3580","targetHints":{"allow":["GET"]}}],"collection":[{"href":"https:\/\/blog.marc-fritschi.ch\/index.php?rest_route=\/wp\/v2\/posts"}],"about":[{"href":"https:\/\/blog.marc-fritschi.ch\/index.php?rest_route=\/wp\/v2\/types\/post"}],"author":[{"embeddable":true,"href":"https:\/\/blog.marc-fritschi.ch\/index.php?rest_route=\/wp\/v2\/users\/5"}],"replies":[{"embeddable":true,"href":"https:\/\/blog.marc-fritschi.ch\/index.php?rest_route=%2Fwp%2Fv2%2Fcomments&post=3580"}],"version-history":[{"count":1,"href":"https:\/\/blog.marc-fritschi.ch\/index.php?rest_route=\/wp\/v2\/posts\/3580\/revisions"}],"predecessor-version":[{"id":7997,"href":"https:\/\/blog.marc-fritschi.ch\/index.php?rest_route=\/wp\/v2\/posts\/3580\/revisions\/7997"}],"wp:featuredmedia":[{"embeddable":true,"href":"https:\/\/blog.marc-fritschi.ch\/index.php?rest_route=\/wp\/v2\/media\/3587"}],"wp:attachment":[{"href":"https:\/\/blog.marc-fritschi.ch\/index.php?rest_route=%2Fwp%2Fv2%2Fmedia&parent=3580"}],"wp:term":[{"taxonomy":"category","embeddable":true,"href":"https:\/\/blog.marc-fritschi.ch\/index.php?rest_route=%2Fwp%2Fv2%2Fcategories&post=3580"},{"taxonomy":"post_tag","embeddable":true,"href":"https:\/\/blog.marc-fritschi.ch\/index.php?rest_route=%2Fwp%2Fv2%2Ftags&post=3580"}],"curies":[{"name":"wp","href":"https:\/\/api.w.org\/{rel}","templated":true}]}}