{"id":3607,"date":"2017-02-17T02:57:37","date_gmt":"2017-02-17T01:57:37","guid":{"rendered":"http:\/\/blog.marc-fritschi.ch\/?p=3607"},"modified":"2022-12-03T16:23:24","modified_gmt":"2022-12-03T15:23:24","slug":"woche-25-2017-02-19-skifahren-in-der-schweiz","status":"publish","type":"post","link":"https:\/\/blog.marc-fritschi.ch\/?p=3607","title":{"rendered":"Woche 25: 2017-02-18, Skifahren in der Schweiz und Projekt Wetterstation"},"content":{"rendered":"<div class=\"entry-content\" itemprop=\"text\">\n<p>Seit einigen Wochen fahre ich Ski in Vella\/Obersaxen, praktisch jeden sch\u00f6nen Wintertag geht&#8217;s f\u00fcr einige Stunden auf die Piste. Obwohl es noch nicht mehr Schnee hat ist das Skifahren gerade in den Morgenstunden sehr sch\u00f6n. Packt eure Ski ein und kommt auf die Piste.<\/p>\n<p><img loading=\"lazy\" decoding=\"async\" class=\"alignnone size-large wp-image-3617\" src=\"https:\/\/blog.marc-fritschi.ch\/wp-content\/uploads\/2017\/02\/week25_2017-02-17_14.15.33-1024x1024.jpg\" alt=\"\" width=\"660\" height=\"660\" srcset=\"https:\/\/blog.marc-fritschi.ch\/wp-content\/uploads\/2017\/02\/week25_2017-02-17_14.15.33-1024x1024.jpg 1024w, https:\/\/blog.marc-fritschi.ch\/wp-content\/uploads\/2017\/02\/week25_2017-02-17_14.15.33-150x150.jpg 150w, https:\/\/blog.marc-fritschi.ch\/wp-content\/uploads\/2017\/02\/week25_2017-02-17_14.15.33-300x300.jpg 300w, https:\/\/blog.marc-fritschi.ch\/wp-content\/uploads\/2017\/02\/week25_2017-02-17_14.15.33-768x768.jpg 768w, https:\/\/blog.marc-fritschi.ch\/wp-content\/uploads\/2017\/02\/week25_2017-02-17_14.15.33-600x600.jpg 600w, https:\/\/blog.marc-fritschi.ch\/wp-content\/uploads\/2017\/02\/week25_2017-02-17_14.15.33-432x432.jpg 432w, https:\/\/blog.marc-fritschi.ch\/wp-content\/uploads\/2017\/02\/week25_2017-02-17_14.15.33-268x268.jpg 268w, https:\/\/blog.marc-fritschi.ch\/wp-content\/uploads\/2017\/02\/week25_2017-02-17_14.15.33-700x700.jpg 700w, https:\/\/blog.marc-fritschi.ch\/wp-content\/uploads\/2017\/02\/week25_2017-02-17_14.15.33.jpg 1440w\" sizes=\"auto, (max-width: 660px) 100vw, 660px\" \/><\/p>\n<p>Neben den Aktivit\u00e4ten auf der Piste besch\u00e4ftigen mich auch meine Projekte. Aktuelles Projekt ist die Wetterstation mit Himmelsbeobachtung:<\/p>\n<p><img loading=\"lazy\" decoding=\"async\" class=\"alignnone wp-image-3613 size-large\" src=\"https:\/\/blog.marc-fritschi.ch\/wp-content\/uploads\/2017\/02\/week25_2017-02-17_15.27.27-1024x1024.jpg\" width=\"660\" height=\"660\" srcset=\"https:\/\/blog.marc-fritschi.ch\/wp-content\/uploads\/2017\/02\/week25_2017-02-17_15.27.27-1024x1024.jpg 1024w, https:\/\/blog.marc-fritschi.ch\/wp-content\/uploads\/2017\/02\/week25_2017-02-17_15.27.27-150x150.jpg 150w, https:\/\/blog.marc-fritschi.ch\/wp-content\/uploads\/2017\/02\/week25_2017-02-17_15.27.27-300x300.jpg 300w, https:\/\/blog.marc-fritschi.ch\/wp-content\/uploads\/2017\/02\/week25_2017-02-17_15.27.27-768x768.jpg 768w, https:\/\/blog.marc-fritschi.ch\/wp-content\/uploads\/2017\/02\/week25_2017-02-17_15.27.27-600x600.jpg 600w, https:\/\/blog.marc-fritschi.ch\/wp-content\/uploads\/2017\/02\/week25_2017-02-17_15.27.27-432x432.jpg 432w, https:\/\/blog.marc-fritschi.ch\/wp-content\/uploads\/2017\/02\/week25_2017-02-17_15.27.27-268x268.jpg 268w, https:\/\/blog.marc-fritschi.ch\/wp-content\/uploads\/2017\/02\/week25_2017-02-17_15.27.27-700x700.jpg 700w, https:\/\/blog.marc-fritschi.ch\/wp-content\/uploads\/2017\/02\/week25_2017-02-17_15.27.27.jpg 1440w\" sizes=\"auto, (max-width: 660px) 100vw, 660px\" \/><\/p>\n<p>Die Maiens\u00e4ss Wetter Kamera ist unter folgendem Link erreichbar:&nbsp;<a href=\"https:\/\/map.bloomsky.com\/weather-stations\/jpxnrKmnqZKlq6al\">https:\/\/map.bloomsky.com\/weather-stations\/jpxnrKmnqZKlq6al<\/a><\/p>\n<div style=\"width: 640px;\" class=\"wp-video\"><video class=\"wp-video-shortcode\" id=\"video-3607-1\" width=\"640\" height=\"640\" poster=\"https:\/\/blog.marc-fritschi.ch\/wp-content\/uploads\/2017\/02\/bloomsky_2017-02-16.jpg\" loop autoplay preload=\"auto\" controls=\"controls\"><source type=\"video\/mp4\" src=\"https:\/\/blog.marc-fritschi.ch\/wp-content\/uploads\/2017\/02\/jpxnrKmnqZKlq6al_1_2017-02-16_C.mp4?_=1\" \/><a href=\"https:\/\/blog.marc-fritschi.ch\/wp-content\/uploads\/2017\/02\/jpxnrKmnqZKlq6al_1_2017-02-16_C.mp4\">https:\/\/blog.marc-fritschi.ch\/wp-content\/uploads\/2017\/02\/jpxnrKmnqZKlq6al_1_2017-02-16_C.mp4<\/a><\/video><\/div>\n<p>So schaut die Installation vor Ort aus &#8211; noch ein Provisorium:<\/p>\n<p><img loading=\"lazy\" decoding=\"async\" class=\"alignnone size-medium wp-image-3614\" src=\"https:\/\/blog.marc-fritschi.ch\/wp-content\/uploads\/2017\/02\/20170214_160723-300x169.jpg\" alt=\"\" width=\"300\" height=\"169\" srcset=\"https:\/\/blog.marc-fritschi.ch\/wp-content\/uploads\/2017\/02\/20170214_160723-300x169.jpg 300w, https:\/\/blog.marc-fritschi.ch\/wp-content\/uploads\/2017\/02\/20170214_160723-768x432.jpg 768w, https:\/\/blog.marc-fritschi.ch\/wp-content\/uploads\/2017\/02\/20170214_160723-1024x576.jpg 1024w, https:\/\/blog.marc-fritschi.ch\/wp-content\/uploads\/2017\/02\/20170214_160723-600x338.jpg 600w, https:\/\/blog.marc-fritschi.ch\/wp-content\/uploads\/2017\/02\/20170214_160723-700x393.jpg 700w\" sizes=\"auto, (max-width: 300px) 100vw, 300px\" \/><\/p>\n<p>N\u00e4chste Woche melde ich mich dann aus Chamonix &#8211; Skifahren in Frankreich \ud83d\ude09<\/p>\n\n\n<\/div>\n","protected":false},"excerpt":{"rendered":"<div class=\"entry-summary\" itemprop=\"text\">\n<p>Seit einigen Wochen fahre ich Ski in Vella\/Obersaxen, praktisch jeden sch\u00f6nen Wintertag geht&#8217;s f\u00fcr einige Stunden auf die Piste. Obwohl es noch nicht mehr Schnee hat ist das Skifahren gerade in den Morgenstunden sehr sch\u00f6n. Packt eure Ski ein und kommt auf die Piste. Neben den Aktivit\u00e4ten auf der Piste besch\u00e4ftigen mich auch meine Projekte. &#8230;<\/p>\n\n<\/div>\n","protected":false},"author":5,"featured_media":3613,"comment_status":"open","ping_status":"closed","sticky":false,"template":"","format":"standard","meta":{"footnotes":""},"categories":[21,15,74,97,18],"tags":[107,25,73,65,64,106,105,24],"class_list":["post-3607","post","type-post","status-publish","format-standard","has-post-thumbnail","hentry","category-pic-of-the-week","category-sabbatical","category-schweiz","category-val-lumnezia","category-wochenupdate","tag-kamera","tag-sabbatical","tag-schnee","tag-schweiz","tag-val-lumnezia","tag-wetterstation","tag-woche-25","tag-wochenbericht","entry-lead"],"_links":{"self":[{"href":"https:\/\/blog.marc-fritschi.ch\/index.php?rest_route=\/wp\/v2\/posts\/3607","targetHints":{"allow":["GET"]}}],"collection":[{"href":"https:\/\/blog.marc-fritschi.ch\/index.php?rest_route=\/wp\/v2\/posts"}],"about":[{"href":"https:\/\/blog.marc-fritschi.ch\/index.php?rest_route=\/wp\/v2\/types\/post"}],"author":[{"embeddable":true,"href":"https:\/\/blog.marc-fritschi.ch\/index.php?rest_route=\/wp\/v2\/users\/5"}],"replies":[{"embeddable":true,"href":"https:\/\/blog.marc-fritschi.ch\/index.php?rest_route=%2Fwp%2Fv2%2Fcomments&post=3607"}],"version-history":[{"count":1,"href":"https:\/\/blog.marc-fritschi.ch\/index.php?rest_route=\/wp\/v2\/posts\/3607\/revisions"}],"predecessor-version":[{"id":7996,"href":"https:\/\/blog.marc-fritschi.ch\/index.php?rest_route=\/wp\/v2\/posts\/3607\/revisions\/7996"}],"wp:featuredmedia":[{"embeddable":true,"href":"https:\/\/blog.marc-fritschi.ch\/index.php?rest_route=\/wp\/v2\/media\/3613"}],"wp:attachment":[{"href":"https:\/\/blog.marc-fritschi.ch\/index.php?rest_route=%2Fwp%2Fv2%2Fmedia&parent=3607"}],"wp:term":[{"taxonomy":"category","embeddable":true,"href":"https:\/\/blog.marc-fritschi.ch\/index.php?rest_route=%2Fwp%2Fv2%2Fcategories&post=3607"},{"taxonomy":"post_tag","embeddable":true,"href":"https:\/\/blog.marc-fritschi.ch\/index.php?rest_route=%2Fwp%2Fv2%2Ftags&post=3607"}],"curies":[{"name":"wp","href":"https:\/\/api.w.org\/{rel}","templated":true}]}}