{"id":3609,"date":"2017-02-21T16:04:23","date_gmt":"2017-02-21T15:04:23","guid":{"rendered":"http:\/\/blog.marc-fritschi.ch\/?p=3609"},"modified":"2022-12-03T16:23:24","modified_gmt":"2022-12-03T15:23:24","slug":"woche-26-2017-02-26-skifahren-in-frankreich","status":"publish","type":"post","link":"https:\/\/blog.marc-fritschi.ch\/?p=3609","title":{"rendered":"Woche 26: 2017-02-21, Skifahren in Frankreich (1\/2)"},"content":{"rendered":"<div class=\"entry-content\" itemprop=\"text\">\n<p>Chamonix &#8211; ein typisches Chalet in den franz\u00f6sisch-savoyardischen Alpen &#8211; eine gute Truppe Leute welche den Winter m\u00f6gen &#8211; eine K\u00f6chin welche uns immer wieder mit kulinarischen Leckerbissen verw\u00f6hnt &#8211; guter Wein, Gin und Tonic&#8230; so schaut eine Woche Skiferien in Frankreich aus &#8211; hier die Impressionen der ersten Tage.<\/p>\n<p><img loading=\"lazy\" decoding=\"async\" class=\"alignnone size-large wp-image-3629\" src=\"https:\/\/blog.marc-fritschi.ch\/wp-content\/uploads\/2017\/02\/2017-02-20_17.08.04-1024x1024.jpg\" alt=\"\" width=\"660\" height=\"660\" srcset=\"https:\/\/blog.marc-fritschi.ch\/wp-content\/uploads\/2017\/02\/2017-02-20_17.08.04-1024x1024.jpg 1024w, https:\/\/blog.marc-fritschi.ch\/wp-content\/uploads\/2017\/02\/2017-02-20_17.08.04-150x150.jpg 150w, https:\/\/blog.marc-fritschi.ch\/wp-content\/uploads\/2017\/02\/2017-02-20_17.08.04-300x300.jpg 300w, https:\/\/blog.marc-fritschi.ch\/wp-content\/uploads\/2017\/02\/2017-02-20_17.08.04-768x768.jpg 768w, https:\/\/blog.marc-fritschi.ch\/wp-content\/uploads\/2017\/02\/2017-02-20_17.08.04-600x600.jpg 600w, https:\/\/blog.marc-fritschi.ch\/wp-content\/uploads\/2017\/02\/2017-02-20_17.08.04-432x432.jpg 432w, https:\/\/blog.marc-fritschi.ch\/wp-content\/uploads\/2017\/02\/2017-02-20_17.08.04-268x268.jpg 268w, https:\/\/blog.marc-fritschi.ch\/wp-content\/uploads\/2017\/02\/2017-02-20_17.08.04-700x700.jpg 700w, https:\/\/blog.marc-fritschi.ch\/wp-content\/uploads\/2017\/02\/2017-02-20_17.08.04.jpg 1440w\" sizes=\"auto, (max-width: 660px) 100vw, 660px\" \/> <img loading=\"lazy\" decoding=\"async\" class=\"alignnone size-large wp-image-3630\" src=\"https:\/\/blog.marc-fritschi.ch\/wp-content\/uploads\/2017\/02\/2017-02-20_17.09.41-1024x1024.jpg\" alt=\"\" width=\"660\" height=\"660\" srcset=\"https:\/\/blog.marc-fritschi.ch\/wp-content\/uploads\/2017\/02\/2017-02-20_17.09.41-1024x1024.jpg 1024w, https:\/\/blog.marc-fritschi.ch\/wp-content\/uploads\/2017\/02\/2017-02-20_17.09.41-150x150.jpg 150w, https:\/\/blog.marc-fritschi.ch\/wp-content\/uploads\/2017\/02\/2017-02-20_17.09.41-300x300.jpg 300w, https:\/\/blog.marc-fritschi.ch\/wp-content\/uploads\/2017\/02\/2017-02-20_17.09.41-768x768.jpg 768w, https:\/\/blog.marc-fritschi.ch\/wp-content\/uploads\/2017\/02\/2017-02-20_17.09.41-600x600.jpg 600w, https:\/\/blog.marc-fritschi.ch\/wp-content\/uploads\/2017\/02\/2017-02-20_17.09.41-432x432.jpg 432w, https:\/\/blog.marc-fritschi.ch\/wp-content\/uploads\/2017\/02\/2017-02-20_17.09.41-268x268.jpg 268w, https:\/\/blog.marc-fritschi.ch\/wp-content\/uploads\/2017\/02\/2017-02-20_17.09.41-700x700.jpg 700w, https:\/\/blog.marc-fritschi.ch\/wp-content\/uploads\/2017\/02\/2017-02-20_17.09.41.jpg 1440w\" sizes=\"auto, (max-width: 660px) 100vw, 660px\" \/> <img loading=\"lazy\" decoding=\"async\" class=\"alignnone size-large wp-image-3631\" src=\"https:\/\/blog.marc-fritschi.ch\/wp-content\/uploads\/2017\/02\/2017-02-20_17.11.59-1024x1024.jpg\" alt=\"\" width=\"660\" height=\"660\" srcset=\"https:\/\/blog.marc-fritschi.ch\/wp-content\/uploads\/2017\/02\/2017-02-20_17.11.59-1024x1024.jpg 1024w, https:\/\/blog.marc-fritschi.ch\/wp-content\/uploads\/2017\/02\/2017-02-20_17.11.59-150x150.jpg 150w, https:\/\/blog.marc-fritschi.ch\/wp-content\/uploads\/2017\/02\/2017-02-20_17.11.59-300x300.jpg 300w, https:\/\/blog.marc-fritschi.ch\/wp-content\/uploads\/2017\/02\/2017-02-20_17.11.59-768x768.jpg 768w, https:\/\/blog.marc-fritschi.ch\/wp-content\/uploads\/2017\/02\/2017-02-20_17.11.59-600x600.jpg 600w, https:\/\/blog.marc-fritschi.ch\/wp-content\/uploads\/2017\/02\/2017-02-20_17.11.59-432x432.jpg 432w, https:\/\/blog.marc-fritschi.ch\/wp-content\/uploads\/2017\/02\/2017-02-20_17.11.59-268x268.jpg 268w, https:\/\/blog.marc-fritschi.ch\/wp-content\/uploads\/2017\/02\/2017-02-20_17.11.59-700x700.jpg 700w, https:\/\/blog.marc-fritschi.ch\/wp-content\/uploads\/2017\/02\/2017-02-20_17.11.59.jpg 1440w\" sizes=\"auto, (max-width: 660px) 100vw, 660px\" \/> <img loading=\"lazy\" decoding=\"async\" class=\"alignnone size-large wp-image-3632\" src=\"https:\/\/blog.marc-fritschi.ch\/wp-content\/uploads\/2017\/02\/2017-02-20_17.14.09-1024x1024.jpg\" alt=\"\" width=\"660\" height=\"660\" srcset=\"https:\/\/blog.marc-fritschi.ch\/wp-content\/uploads\/2017\/02\/2017-02-20_17.14.09-1024x1024.jpg 1024w, https:\/\/blog.marc-fritschi.ch\/wp-content\/uploads\/2017\/02\/2017-02-20_17.14.09-150x150.jpg 150w, https:\/\/blog.marc-fritschi.ch\/wp-content\/uploads\/2017\/02\/2017-02-20_17.14.09-300x300.jpg 300w, https:\/\/blog.marc-fritschi.ch\/wp-content\/uploads\/2017\/02\/2017-02-20_17.14.09-768x768.jpg 768w, https:\/\/blog.marc-fritschi.ch\/wp-content\/uploads\/2017\/02\/2017-02-20_17.14.09-600x600.jpg 600w, https:\/\/blog.marc-fritschi.ch\/wp-content\/uploads\/2017\/02\/2017-02-20_17.14.09-432x432.jpg 432w, https:\/\/blog.marc-fritschi.ch\/wp-content\/uploads\/2017\/02\/2017-02-20_17.14.09-268x268.jpg 268w, https:\/\/blog.marc-fritschi.ch\/wp-content\/uploads\/2017\/02\/2017-02-20_17.14.09-700x700.jpg 700w, https:\/\/blog.marc-fritschi.ch\/wp-content\/uploads\/2017\/02\/2017-02-20_17.14.09.jpg 1440w\" sizes=\"auto, (max-width: 660px) 100vw, 660px\" \/><\/p>\n<p>Ab n\u00e4chster Woche wieder Skifahren in der Schweiz&#8230; mit der Hoffnung auf nochmals richtig Neuschnee \ud83d\ude42<\/p>\n\n\n<\/div>\n","protected":false},"excerpt":{"rendered":"<div class=\"entry-summary\" itemprop=\"text\">\n<p>Chamonix &#8211; ein typisches Chalet in den franz\u00f6sisch-savoyardischen Alpen &#8211; eine gute Truppe Leute welche den Winter m\u00f6gen &#8211; eine K\u00f6chin welche uns immer wieder mit kulinarischen Leckerbissen verw\u00f6hnt &#8211; guter Wein, Gin und Tonic&#8230; so schaut eine Woche Skiferien in Frankreich aus &#8211; hier die Impressionen der ersten Tage. Ab n\u00e4chster Woche wieder Skifahren &#8230;<\/p>\n\n<\/div>\n","protected":false},"author":5,"featured_media":3636,"comment_status":"open","ping_status":"closed","sticky":false,"template":"","format":"standard","meta":{"footnotes":""},"categories":[17,21,108,1,97,18],"tags":[110,111,56,96,109,24],"class_list":["post-3609","post","type-post","status-publish","format-standard","has-post-thumbnail","hentry","category-impressionen","category-pic-of-the-week","category-skifahren","category-uncategorized","category-val-lumnezia","category-wochenupdate","tag-chamonix","tag-frankreich","tag-pic-of-the-week","tag-skifahren","tag-woche-26","tag-wochenbericht","entry-lead"],"_links":{"self":[{"href":"https:\/\/blog.marc-fritschi.ch\/index.php?rest_route=\/wp\/v2\/posts\/3609","targetHints":{"allow":["GET"]}}],"collection":[{"href":"https:\/\/blog.marc-fritschi.ch\/index.php?rest_route=\/wp\/v2\/posts"}],"about":[{"href":"https:\/\/blog.marc-fritschi.ch\/index.php?rest_route=\/wp\/v2\/types\/post"}],"author":[{"embeddable":true,"href":"https:\/\/blog.marc-fritschi.ch\/index.php?rest_route=\/wp\/v2\/users\/5"}],"replies":[{"embeddable":true,"href":"https:\/\/blog.marc-fritschi.ch\/index.php?rest_route=%2Fwp%2Fv2%2Fcomments&post=3609"}],"version-history":[{"count":1,"href":"https:\/\/blog.marc-fritschi.ch\/index.php?rest_route=\/wp\/v2\/posts\/3609\/revisions"}],"predecessor-version":[{"id":7995,"href":"https:\/\/blog.marc-fritschi.ch\/index.php?rest_route=\/wp\/v2\/posts\/3609\/revisions\/7995"}],"wp:featuredmedia":[{"embeddable":true,"href":"https:\/\/blog.marc-fritschi.ch\/index.php?rest_route=\/wp\/v2\/media\/3636"}],"wp:attachment":[{"href":"https:\/\/blog.marc-fritschi.ch\/index.php?rest_route=%2Fwp%2Fv2%2Fmedia&parent=3609"}],"wp:term":[{"taxonomy":"category","embeddable":true,"href":"https:\/\/blog.marc-fritschi.ch\/index.php?rest_route=%2Fwp%2Fv2%2Fcategories&post=3609"},{"taxonomy":"post_tag","embeddable":true,"href":"https:\/\/blog.marc-fritschi.ch\/index.php?rest_route=%2Fwp%2Fv2%2Ftags&post=3609"}],"curies":[{"name":"wp","href":"https:\/\/api.w.org\/{rel}","templated":true}]}}