{"id":3650,"date":"2017-02-27T07:54:49","date_gmt":"2017-02-27T06:54:49","guid":{"rendered":"http:\/\/blog.marc-fritschi.ch\/?p=3650"},"modified":"2022-12-03T16:23:24","modified_gmt":"2022-12-03T15:23:24","slug":"woche-27-2017-02-26-skifahren-in-frankreich-teil-2","status":"publish","type":"post","link":"https:\/\/blog.marc-fritschi.ch\/?p=3650","title":{"rendered":"Woche 27: 2017-02-26, Skifahren in Frankreich (2\/2)"},"content":{"rendered":"<div class=\"entry-content\" itemprop=\"text\">\n<p>Ich war diese Woche das erste&nbsp;Mal Offpist \/ Gletscherskifahren &#8211; wir hatten ein riesen&nbsp;Schnee- und Wettergl\u00fcck (beste Verh\u00e4ltnisse und rund 30-40cm Neuschnee). Die Bilder sprechen f\u00fcr sich &#8211; an meinem Stil im Tiefschnee muss ich noch weiter arbeiten, da hat auch Michel unser franz\u00f6sischer Bergf\u00fchrer nicht viel machen k\u00f6nnen. Hier nochmals einige Highlights der Woche und nat\u00fcrlich viele Eindr\u00fccke von der Gletscher-Tour&#8230;<\/p>\n<p><img loading=\"lazy\" decoding=\"async\" class=\"alignnone size-large wp-image-3654\" src=\"https:\/\/blog.marc-fritschi.ch\/wp-content\/uploads\/2017\/02\/week26_2017-02-27_08.06.56-1024x1024.jpg\" alt=\"\" width=\"660\" height=\"660\" srcset=\"https:\/\/blog.marc-fritschi.ch\/wp-content\/uploads\/2017\/02\/week26_2017-02-27_08.06.56-1024x1024.jpg 1024w, https:\/\/blog.marc-fritschi.ch\/wp-content\/uploads\/2017\/02\/week26_2017-02-27_08.06.56-150x150.jpg 150w, https:\/\/blog.marc-fritschi.ch\/wp-content\/uploads\/2017\/02\/week26_2017-02-27_08.06.56-300x300.jpg 300w, https:\/\/blog.marc-fritschi.ch\/wp-content\/uploads\/2017\/02\/week26_2017-02-27_08.06.56-768x768.jpg 768w, https:\/\/blog.marc-fritschi.ch\/wp-content\/uploads\/2017\/02\/week26_2017-02-27_08.06.56-600x600.jpg 600w, https:\/\/blog.marc-fritschi.ch\/wp-content\/uploads\/2017\/02\/week26_2017-02-27_08.06.56-432x432.jpg 432w, https:\/\/blog.marc-fritschi.ch\/wp-content\/uploads\/2017\/02\/week26_2017-02-27_08.06.56-268x268.jpg 268w, https:\/\/blog.marc-fritschi.ch\/wp-content\/uploads\/2017\/02\/week26_2017-02-27_08.06.56-700x700.jpg 700w, https:\/\/blog.marc-fritschi.ch\/wp-content\/uploads\/2017\/02\/week26_2017-02-27_08.06.56.jpg 1440w\" sizes=\"auto, (max-width: 660px) 100vw, 660px\" \/> <img loading=\"lazy\" decoding=\"async\" class=\"alignnone size-large wp-image-3656\" src=\"https:\/\/blog.marc-fritschi.ch\/wp-content\/uploads\/2017\/02\/week26_2017-02-27_08.08.17-1024x1024.jpg\" alt=\"\" width=\"660\" height=\"660\" srcset=\"https:\/\/blog.marc-fritschi.ch\/wp-content\/uploads\/2017\/02\/week26_2017-02-27_08.08.17-1024x1024.jpg 1024w, https:\/\/blog.marc-fritschi.ch\/wp-content\/uploads\/2017\/02\/week26_2017-02-27_08.08.17-150x150.jpg 150w, https:\/\/blog.marc-fritschi.ch\/wp-content\/uploads\/2017\/02\/week26_2017-02-27_08.08.17-300x300.jpg 300w, https:\/\/blog.marc-fritschi.ch\/wp-content\/uploads\/2017\/02\/week26_2017-02-27_08.08.17-768x768.jpg 768w, https:\/\/blog.marc-fritschi.ch\/wp-content\/uploads\/2017\/02\/week26_2017-02-27_08.08.17-600x600.jpg 600w, https:\/\/blog.marc-fritschi.ch\/wp-content\/uploads\/2017\/02\/week26_2017-02-27_08.08.17-432x432.jpg 432w, https:\/\/blog.marc-fritschi.ch\/wp-content\/uploads\/2017\/02\/week26_2017-02-27_08.08.17-268x268.jpg 268w, https:\/\/blog.marc-fritschi.ch\/wp-content\/uploads\/2017\/02\/week26_2017-02-27_08.08.17-700x700.jpg 700w, https:\/\/blog.marc-fritschi.ch\/wp-content\/uploads\/2017\/02\/week26_2017-02-27_08.08.17.jpg 1440w\" sizes=\"auto, (max-width: 660px) 100vw, 660px\" \/> <img loading=\"lazy\" decoding=\"async\" class=\"alignnone size-large wp-image-3657\" src=\"https:\/\/blog.marc-fritschi.ch\/wp-content\/uploads\/2017\/02\/week26_2017-02-27_08.09.36-1024x1024.jpg\" alt=\"\" width=\"660\" height=\"660\" srcset=\"https:\/\/blog.marc-fritschi.ch\/wp-content\/uploads\/2017\/02\/week26_2017-02-27_08.09.36-1024x1024.jpg 1024w, https:\/\/blog.marc-fritschi.ch\/wp-content\/uploads\/2017\/02\/week26_2017-02-27_08.09.36-150x150.jpg 150w, https:\/\/blog.marc-fritschi.ch\/wp-content\/uploads\/2017\/02\/week26_2017-02-27_08.09.36-300x300.jpg 300w, https:\/\/blog.marc-fritschi.ch\/wp-content\/uploads\/2017\/02\/week26_2017-02-27_08.09.36-768x768.jpg 768w, https:\/\/blog.marc-fritschi.ch\/wp-content\/uploads\/2017\/02\/week26_2017-02-27_08.09.36-600x600.jpg 600w, https:\/\/blog.marc-fritschi.ch\/wp-content\/uploads\/2017\/02\/week26_2017-02-27_08.09.36-432x432.jpg 432w, https:\/\/blog.marc-fritschi.ch\/wp-content\/uploads\/2017\/02\/week26_2017-02-27_08.09.36-268x268.jpg 268w, https:\/\/blog.marc-fritschi.ch\/wp-content\/uploads\/2017\/02\/week26_2017-02-27_08.09.36-700x700.jpg 700w, https:\/\/blog.marc-fritschi.ch\/wp-content\/uploads\/2017\/02\/week26_2017-02-27_08.09.36.jpg 1440w\" sizes=\"auto, (max-width: 660px) 100vw, 660px\" \/> <img loading=\"lazy\" decoding=\"async\" class=\"alignnone size-large wp-image-3658\" src=\"https:\/\/blog.marc-fritschi.ch\/wp-content\/uploads\/2017\/02\/Foto-25.02.17-12-57-26-1024x767.jpg\" alt=\"\" width=\"660\" height=\"494\" srcset=\"https:\/\/blog.marc-fritschi.ch\/wp-content\/uploads\/2017\/02\/Foto-25.02.17-12-57-26-1024x767.jpg 1024w, https:\/\/blog.marc-fritschi.ch\/wp-content\/uploads\/2017\/02\/Foto-25.02.17-12-57-26-300x225.jpg 300w, https:\/\/blog.marc-fritschi.ch\/wp-content\/uploads\/2017\/02\/Foto-25.02.17-12-57-26-768x576.jpg 768w, https:\/\/blog.marc-fritschi.ch\/wp-content\/uploads\/2017\/02\/Foto-25.02.17-12-57-26-600x450.jpg 600w, https:\/\/blog.marc-fritschi.ch\/wp-content\/uploads\/2017\/02\/Foto-25.02.17-12-57-26-700x525.jpg 700w, https:\/\/blog.marc-fritschi.ch\/wp-content\/uploads\/2017\/02\/Foto-25.02.17-12-57-26.jpg 2016w\" sizes=\"auto, (max-width: 660px) 100vw, 660px\" \/><\/p>\n<p>Bilder by Andrea, Priska, Oliver, Marc; Video by Andrea<\/p>\n<div style=\"width: 480px;\" class=\"wp-video\"><video class=\"wp-video-shortcode\" id=\"video-3650-1\" width=\"480\" height=\"848\" loop autoplay preload=\"metadata\" controls=\"controls\"><source type=\"video\/mp4\" src=\"https:\/\/blog.marc-fritschi.ch\/wp-content\/uploads\/2017\/02\/WhatsApp-Video-2017-02-27-at-10.02.10.mp4?_=1\" \/><a href=\"https:\/\/blog.marc-fritschi.ch\/wp-content\/uploads\/2017\/02\/WhatsApp-Video-2017-02-27-at-10.02.10.mp4\">https:\/\/blog.marc-fritschi.ch\/wp-content\/uploads\/2017\/02\/WhatsApp-Video-2017-02-27-at-10.02.10.mp4<\/a><\/video><\/div>\n<p>Wir kommen wieder, irgendwann und irgendwo&#8230;<\/p>\n\n\n<\/div>\n","protected":false},"excerpt":{"rendered":"<div class=\"entry-summary\" itemprop=\"text\">\n<p>Ich war diese Woche das erste&nbsp;Mal Offpist \/ Gletscherskifahren &#8211; wir hatten ein riesen&nbsp;Schnee- und Wettergl\u00fcck (beste Verh\u00e4ltnisse und rund 30-40cm Neuschnee). Die Bilder sprechen f\u00fcr sich &#8211; an meinem Stil im Tiefschnee muss ich noch weiter arbeiten, da hat auch Michel unser franz\u00f6sischer Bergf\u00fchrer nicht viel machen k\u00f6nnen. Hier nochmals einige Highlights der Woche &#8230;<\/p>\n\n<\/div>\n","protected":false},"author":5,"featured_media":3658,"comment_status":"open","ping_status":"closed","sticky":false,"template":"","format":"standard","meta":{"footnotes":""},"categories":[112,21,108,18],"tags":[110,111,114,115,25,73,96,113,24],"class_list":["post-3650","post","type-post","status-publish","format-standard","has-post-thumbnail","hentry","category-frankreichchamonix","category-pic-of-the-week","category-skifahren","category-wochenupdate","tag-chamonix","tag-frankreich","tag-gletscher","tag-offpist","tag-sabbatical","tag-schnee","tag-skifahren","tag-tiefschnee","tag-wochenbericht","entry-lead"],"_links":{"self":[{"href":"https:\/\/blog.marc-fritschi.ch\/index.php?rest_route=\/wp\/v2\/posts\/3650","targetHints":{"allow":["GET"]}}],"collection":[{"href":"https:\/\/blog.marc-fritschi.ch\/index.php?rest_route=\/wp\/v2\/posts"}],"about":[{"href":"https:\/\/blog.marc-fritschi.ch\/index.php?rest_route=\/wp\/v2\/types\/post"}],"author":[{"embeddable":true,"href":"https:\/\/blog.marc-fritschi.ch\/index.php?rest_route=\/wp\/v2\/users\/5"}],"replies":[{"embeddable":true,"href":"https:\/\/blog.marc-fritschi.ch\/index.php?rest_route=%2Fwp%2Fv2%2Fcomments&post=3650"}],"version-history":[{"count":1,"href":"https:\/\/blog.marc-fritschi.ch\/index.php?rest_route=\/wp\/v2\/posts\/3650\/revisions"}],"predecessor-version":[{"id":7994,"href":"https:\/\/blog.marc-fritschi.ch\/index.php?rest_route=\/wp\/v2\/posts\/3650\/revisions\/7994"}],"wp:featuredmedia":[{"embeddable":true,"href":"https:\/\/blog.marc-fritschi.ch\/index.php?rest_route=\/wp\/v2\/media\/3658"}],"wp:attachment":[{"href":"https:\/\/blog.marc-fritschi.ch\/index.php?rest_route=%2Fwp%2Fv2%2Fmedia&parent=3650"}],"wp:term":[{"taxonomy":"category","embeddable":true,"href":"https:\/\/blog.marc-fritschi.ch\/index.php?rest_route=%2Fwp%2Fv2%2Fcategories&post=3650"},{"taxonomy":"post_tag","embeddable":true,"href":"https:\/\/blog.marc-fritschi.ch\/index.php?rest_route=%2Fwp%2Fv2%2Ftags&post=3650"}],"curies":[{"name":"wp","href":"https:\/\/api.w.org\/{rel}","templated":true}]}}