{"id":3970,"date":"2017-03-20T18:39:40","date_gmt":"2017-03-20T17:39:40","guid":{"rendered":"http:\/\/blog.marc-fritschi.ch\/?p=3970"},"modified":"2022-12-03T16:23:24","modified_gmt":"2022-12-03T15:23:24","slug":"woche-3031-2017-03-20-skiing-season-is-over","status":"publish","type":"post","link":"https:\/\/blog.marc-fritschi.ch\/?p=3970","title":{"rendered":"Woche 30\/31: 2017-03-20, Skiing season is over"},"content":{"rendered":"<div class=\"entry-content\" itemprop=\"text\">\n<p>Heute war voraussichtlich mein letzter Skitag der Saison&#8230; Das warme Wetter macht dem Schnee zu schaffen und die Talabfahrten sind nur noch f\u00fcr hartgesottene Skifahrer empfehlenswert. Ich habe die letzten Tage genutzt, mein Ski Equipment auf den neuesten Stand zu bringen &#8211; weil der n\u00e4chste Winter kommt bestimmt (winter is coming). Mit einheimischer Unterst\u00fctzung habe ich mir einen Skischuh gekauft, welcher etwas mehr Ski Kontakt erm\u00f6glicht &#8211; dazu noch der passende Ski. Ich freue mich auf die n\u00e4chste Skisaison.<\/p>\n<p><img loading=\"lazy\" decoding=\"async\" class=\"alignnone size-large wp-image-3988\" src=\"https:\/\/blog.marc-fritschi.ch\/wp-content\/uploads\/2017\/03\/week2930_2017-03-21_07.36.09-1024x1024.jpg\" alt=\"\" width=\"660\" height=\"660\" srcset=\"https:\/\/blog.marc-fritschi.ch\/wp-content\/uploads\/2017\/03\/week2930_2017-03-21_07.36.09-1024x1024.jpg 1024w, https:\/\/blog.marc-fritschi.ch\/wp-content\/uploads\/2017\/03\/week2930_2017-03-21_07.36.09-150x150.jpg 150w, https:\/\/blog.marc-fritschi.ch\/wp-content\/uploads\/2017\/03\/week2930_2017-03-21_07.36.09-300x300.jpg 300w, https:\/\/blog.marc-fritschi.ch\/wp-content\/uploads\/2017\/03\/week2930_2017-03-21_07.36.09-768x768.jpg 768w, https:\/\/blog.marc-fritschi.ch\/wp-content\/uploads\/2017\/03\/week2930_2017-03-21_07.36.09-600x600.jpg 600w, https:\/\/blog.marc-fritschi.ch\/wp-content\/uploads\/2017\/03\/week2930_2017-03-21_07.36.09-432x432.jpg 432w, https:\/\/blog.marc-fritschi.ch\/wp-content\/uploads\/2017\/03\/week2930_2017-03-21_07.36.09-268x268.jpg 268w, https:\/\/blog.marc-fritschi.ch\/wp-content\/uploads\/2017\/03\/week2930_2017-03-21_07.36.09-700x700.jpg 700w, https:\/\/blog.marc-fritschi.ch\/wp-content\/uploads\/2017\/03\/week2930_2017-03-21_07.36.09.jpg 1440w\" sizes=\"auto, (max-width: 660px) 100vw, 660px\" \/><\/p>\n<p>&nbsp;<\/p>\n\n\n<\/div>\n","protected":false},"excerpt":{"rendered":"<div class=\"entry-summary\" itemprop=\"text\">\n<p>Heute war voraussichtlich mein letzter Skitag der Saison&#8230; Das warme Wetter macht dem Schnee zu schaffen und die Talabfahrten sind nur noch f\u00fcr hartgesottene Skifahrer empfehlenswert. Ich habe die letzten Tage genutzt, mein Ski Equipment auf den neuesten Stand zu bringen &#8211; weil der n\u00e4chste Winter kommt bestimmt (winter is coming). Mit einheimischer Unterst\u00fctzung habe &#8230;<\/p>\n\n<\/div>\n","protected":false},"author":5,"featured_media":3996,"comment_status":"open","ping_status":"closed","sticky":false,"template":"","format":"standard","meta":{"footnotes":""},"categories":[118,21,15,74,108,97,18],"tags":[56,25,73,65,96,64,123,122,124,24],"class_list":["post-3970","post","type-post","status-publish","format-standard","has-post-thumbnail","hentry","category-118","category-pic-of-the-week","category-sabbatical","category-schweiz","category-skifahren","category-val-lumnezia","category-wochenupdate","tag-pic-of-the-week","tag-sabbatical","tag-schnee","tag-schweiz","tag-skifahren","tag-val-lumnezia","tag-woche-29","tag-woche-2930","tag-woche-30","tag-wochenbericht","entry-lead"],"_links":{"self":[{"href":"https:\/\/blog.marc-fritschi.ch\/index.php?rest_route=\/wp\/v2\/posts\/3970","targetHints":{"allow":["GET"]}}],"collection":[{"href":"https:\/\/blog.marc-fritschi.ch\/index.php?rest_route=\/wp\/v2\/posts"}],"about":[{"href":"https:\/\/blog.marc-fritschi.ch\/index.php?rest_route=\/wp\/v2\/types\/post"}],"author":[{"embeddable":true,"href":"https:\/\/blog.marc-fritschi.ch\/index.php?rest_route=\/wp\/v2\/users\/5"}],"replies":[{"embeddable":true,"href":"https:\/\/blog.marc-fritschi.ch\/index.php?rest_route=%2Fwp%2Fv2%2Fcomments&post=3970"}],"version-history":[{"count":1,"href":"https:\/\/blog.marc-fritschi.ch\/index.php?rest_route=\/wp\/v2\/posts\/3970\/revisions"}],"predecessor-version":[{"id":7991,"href":"https:\/\/blog.marc-fritschi.ch\/index.php?rest_route=\/wp\/v2\/posts\/3970\/revisions\/7991"}],"wp:featuredmedia":[{"embeddable":true,"href":"https:\/\/blog.marc-fritschi.ch\/index.php?rest_route=\/wp\/v2\/media\/3996"}],"wp:attachment":[{"href":"https:\/\/blog.marc-fritschi.ch\/index.php?rest_route=%2Fwp%2Fv2%2Fmedia&parent=3970"}],"wp:term":[{"taxonomy":"category","embeddable":true,"href":"https:\/\/blog.marc-fritschi.ch\/index.php?rest_route=%2Fwp%2Fv2%2Fcategories&post=3970"},{"taxonomy":"post_tag","embeddable":true,"href":"https:\/\/blog.marc-fritschi.ch\/index.php?rest_route=%2Fwp%2Fv2%2Ftags&post=3970"}],"curies":[{"name":"wp","href":"https:\/\/api.w.org\/{rel}","templated":true}]}}