{"id":4198,"date":"2017-06-11T11:11:29","date_gmt":"2017-06-11T09:11:29","guid":{"rendered":"http:\/\/blog.marc-fritschi.ch\/?p=4198"},"modified":"2022-12-03T16:23:03","modified_gmt":"2022-12-03T15:23:03","slug":"woche-42-2017-06-11-43-is-the-new-42","status":"publish","type":"post","link":"https:\/\/blog.marc-fritschi.ch\/?p=4198","title":{"rendered":"Woche 42: 2017-06-11 43 is the new 42"},"content":{"rendered":"<div class=\"entry-content\" itemprop=\"text\">\n<p>Meine 43. Sabbatical Woche hat gerade gestartet, mein 43. Geburtstag. Hier schliesse ich 43 Wochen oder besser 300 Tage Reisen, Lernen, Mitarbeiten, Sport, Erkunden, Entscheiden, Entschleunigen, Zeithaben ab &#8211; das war eine sehr gute Entscheidung die 9 Monate unbezahlte Auszeit&#8230;<\/p>\n<p>Gefeiert habe ich mit meinen G\u00e4sten, bei der BBB (Bier, Bratwurst und B\u00fcrli) Party in Z\u00fcrich. \u00dcber den Tag verteilt haben viele Freunde einfach kurz \/ l\u00e4nger vorbeigeschaut, war cool &#8211; vielen Dank!<\/p>\n<p><img loading=\"lazy\" decoding=\"async\" class=\"alignnone size-full wp-image-4265\" src=\"https:\/\/blog.marc-fritschi.ch\/wp-content\/uploads\/2017\/06\/week42_2017-06-11_21.02.55.jpg\" alt=\"\" width=\"1440\" height=\"1440\" srcset=\"https:\/\/blog.marc-fritschi.ch\/wp-content\/uploads\/2017\/06\/week42_2017-06-11_21.02.55.jpg 1440w, https:\/\/blog.marc-fritschi.ch\/wp-content\/uploads\/2017\/06\/week42_2017-06-11_21.02.55-150x150.jpg 150w, https:\/\/blog.marc-fritschi.ch\/wp-content\/uploads\/2017\/06\/week42_2017-06-11_21.02.55-300x300.jpg 300w, https:\/\/blog.marc-fritschi.ch\/wp-content\/uploads\/2017\/06\/week42_2017-06-11_21.02.55-768x768.jpg 768w, https:\/\/blog.marc-fritschi.ch\/wp-content\/uploads\/2017\/06\/week42_2017-06-11_21.02.55-1024x1024.jpg 1024w, https:\/\/blog.marc-fritschi.ch\/wp-content\/uploads\/2017\/06\/week42_2017-06-11_21.02.55-600x600.jpg 600w, https:\/\/blog.marc-fritschi.ch\/wp-content\/uploads\/2017\/06\/week42_2017-06-11_21.02.55-432x432.jpg 432w, https:\/\/blog.marc-fritschi.ch\/wp-content\/uploads\/2017\/06\/week42_2017-06-11_21.02.55-268x268.jpg 268w, https:\/\/blog.marc-fritschi.ch\/wp-content\/uploads\/2017\/06\/week42_2017-06-11_21.02.55-700x700.jpg 700w\" sizes=\"auto, (max-width: 1440px) 100vw, 1440px\" \/><\/p>\n<p>&nbsp;<\/p>\n\n\n<\/div>\n","protected":false},"excerpt":{"rendered":"<div class=\"entry-summary\" itemprop=\"text\">\n<p>Meine 43. Sabbatical Woche hat gerade gestartet, mein 43. Geburtstag. Hier schliesse ich 43 Wochen oder besser 300 Tage Reisen, Lernen, Mitarbeiten, Sport, Erkunden, Entscheiden, Entschleunigen, Zeithaben ab &#8211; das war eine sehr gute Entscheidung die 9 Monate unbezahlte Auszeit&#8230; Gefeiert habe ich mit meinen G\u00e4sten, bei der BBB (Bier, Bratwurst und B\u00fcrli) Party in &#8230;<\/p>\n\n<\/div>\n","protected":false},"author":5,"featured_media":4271,"comment_status":"closed","ping_status":"closed","sticky":false,"template":"","format":"standard","meta":{"footnotes":""},"categories":[118,17,21,15,74],"tags":[147,56,25,65,146,24],"class_list":["post-4198","post","type-post","status-publish","format-standard","has-post-thumbnail","hentry","category-118","category-impressionen","category-pic-of-the-week","category-sabbatical","category-schweiz","tag-geburtstag","tag-pic-of-the-week","tag-sabbatical","tag-schweiz","tag-woche-42","tag-wochenbericht","entry-lead"],"_links":{"self":[{"href":"https:\/\/blog.marc-fritschi.ch\/index.php?rest_route=\/wp\/v2\/posts\/4198","targetHints":{"allow":["GET"]}}],"collection":[{"href":"https:\/\/blog.marc-fritschi.ch\/index.php?rest_route=\/wp\/v2\/posts"}],"about":[{"href":"https:\/\/blog.marc-fritschi.ch\/index.php?rest_route=\/wp\/v2\/types\/post"}],"author":[{"embeddable":true,"href":"https:\/\/blog.marc-fritschi.ch\/index.php?rest_route=\/wp\/v2\/users\/5"}],"replies":[{"embeddable":true,"href":"https:\/\/blog.marc-fritschi.ch\/index.php?rest_route=%2Fwp%2Fv2%2Fcomments&post=4198"}],"version-history":[{"count":1,"href":"https:\/\/blog.marc-fritschi.ch\/index.php?rest_route=\/wp\/v2\/posts\/4198\/revisions"}],"predecessor-version":[{"id":7432,"href":"https:\/\/blog.marc-fritschi.ch\/index.php?rest_route=\/wp\/v2\/posts\/4198\/revisions\/7432"}],"wp:featuredmedia":[{"embeddable":true,"href":"https:\/\/blog.marc-fritschi.ch\/index.php?rest_route=\/wp\/v2\/media\/4271"}],"wp:attachment":[{"href":"https:\/\/blog.marc-fritschi.ch\/index.php?rest_route=%2Fwp%2Fv2%2Fmedia&parent=4198"}],"wp:term":[{"taxonomy":"category","embeddable":true,"href":"https:\/\/blog.marc-fritschi.ch\/index.php?rest_route=%2Fwp%2Fv2%2Fcategories&post=4198"},{"taxonomy":"post_tag","embeddable":true,"href":"https:\/\/blog.marc-fritschi.ch\/index.php?rest_route=%2Fwp%2Fv2%2Ftags&post=4198"}],"curies":[{"name":"wp","href":"https:\/\/api.w.org\/{rel}","templated":true}]}}