{"id":4330,"date":"2017-06-24T00:27:06","date_gmt":"2017-06-23T22:27:06","guid":{"rendered":"http:\/\/blog.marc-fritschi.ch\/?p=4330"},"modified":"2022-12-03T16:23:02","modified_gmt":"2022-12-03T15:23:02","slug":"2017-06-24-das-war-die-erste-5-tages-woche","status":"publish","type":"post","link":"https:\/\/blog.marc-fritschi.ch\/?p=4330","title":{"rendered":"2017-06-24: Das war die erste 5-Tages Woche"},"content":{"rendered":"<div class=\"entry-content\" itemprop=\"text\">\n<p>Bei sch\u00f6nstem heissen (sehr heissen) Z\u00fcrcher Sommerwetter habe ich meine erste volle Arbeitswoche absolviert. Mit eBike und \u00d6V, mit viel Einsatz und Schweiss \ud83d\ude09 ja, es war die wohl heisseste Woche des Jahres &#8211; es war Mitte Woche 34 Grad, so heiss, dass die Limmatschiffe nicht mehr verkehrten (da die Passagiere niedergegart wurden).<\/p>\n<p>&nbsp;<\/p>\n\n\n<\/div>\n","protected":false},"excerpt":{"rendered":"<div class=\"entry-summary\" itemprop=\"text\">\n<p>Bei sch\u00f6nstem heissen (sehr heissen) Z\u00fcrcher Sommerwetter habe ich meine erste volle Arbeitswoche absolviert. Mit eBike und \u00d6V, mit viel Einsatz und Schweiss \ud83d\ude09 ja, es war die wohl heisseste Woche des Jahres &#8211; es war Mitte Woche 34 Grad, so heiss, dass die Limmatschiffe nicht mehr verkehrten (da die Passagiere niedergegart wurden). &nbsp;<\/p>\n\n<\/div>\n","protected":false},"author":5,"featured_media":4354,"comment_status":"closed","ping_status":"closed","sticky":false,"template":"","format":"standard","meta":{"footnotes":""},"categories":[118,74,18],"tags":[65,152,151,24],"class_list":["post-4330","post","type-post","status-publish","format-standard","has-post-thumbnail","hentry","category-118","category-schweiz","category-wochenupdate","tag-schweiz","tag-sommer","tag-ubs","tag-wochenbericht","entry-lead"],"_links":{"self":[{"href":"https:\/\/blog.marc-fritschi.ch\/index.php?rest_route=\/wp\/v2\/posts\/4330","targetHints":{"allow":["GET"]}}],"collection":[{"href":"https:\/\/blog.marc-fritschi.ch\/index.php?rest_route=\/wp\/v2\/posts"}],"about":[{"href":"https:\/\/blog.marc-fritschi.ch\/index.php?rest_route=\/wp\/v2\/types\/post"}],"author":[{"embeddable":true,"href":"https:\/\/blog.marc-fritschi.ch\/index.php?rest_route=\/wp\/v2\/users\/5"}],"replies":[{"embeddable":true,"href":"https:\/\/blog.marc-fritschi.ch\/index.php?rest_route=%2Fwp%2Fv2%2Fcomments&post=4330"}],"version-history":[{"count":1,"href":"https:\/\/blog.marc-fritschi.ch\/index.php?rest_route=\/wp\/v2\/posts\/4330\/revisions"}],"predecessor-version":[{"id":7429,"href":"https:\/\/blog.marc-fritschi.ch\/index.php?rest_route=\/wp\/v2\/posts\/4330\/revisions\/7429"}],"wp:featuredmedia":[{"embeddable":true,"href":"https:\/\/blog.marc-fritschi.ch\/index.php?rest_route=\/wp\/v2\/media\/4354"}],"wp:attachment":[{"href":"https:\/\/blog.marc-fritschi.ch\/index.php?rest_route=%2Fwp%2Fv2%2Fmedia&parent=4330"}],"wp:term":[{"taxonomy":"category","embeddable":true,"href":"https:\/\/blog.marc-fritschi.ch\/index.php?rest_route=%2Fwp%2Fv2%2Fcategories&post=4330"},{"taxonomy":"post_tag","embeddable":true,"href":"https:\/\/blog.marc-fritschi.ch\/index.php?rest_route=%2Fwp%2Fv2%2Ftags&post=4330"}],"curies":[{"name":"wp","href":"https:\/\/api.w.org\/{rel}","templated":true}]}}