{"id":4350,"date":"2017-07-03T23:59:06","date_gmt":"2017-07-03T21:59:06","guid":{"rendered":"http:\/\/blog.marc-fritschi.ch\/?p=4350"},"modified":"2022-12-03T16:23:02","modified_gmt":"2022-12-03T15:23:02","slug":"2017-07-02-13-tage-at-work-und-ein-weekend-mit-dem-goetti-bub","status":"publish","type":"post","link":"https:\/\/blog.marc-fritschi.ch\/?p=4350","title":{"rendered":"2017-07-02: 13 Tage at work und ein Weekend mit dem G\u00f6tti-Bub"},"content":{"rendered":"<div class=\"entry-content\" itemprop=\"text\">\n<p>Die ersten 13 Tage Arbeit am Paradeplatz sind gut geschafft, methodisch wieder angekommen &#8211; die fachlichen Details des neuen Kunden erschliessen sich mir noch nicht 100%ig, ich arbeite dran. Macht Spass mit den neuen Kolleginnen und Kollegen an den Wealth Management Projekten zu arbeiten.<\/p>\n<p><img loading=\"lazy\" decoding=\"async\" class=\"size-large wp-image-4355 aligncenter\" src=\"https:\/\/blog.marc-fritschi.ch\/wp-content\/uploads\/2017\/07\/20170627_092532-e1499119248803-576x1024.jpg\" alt=\"\" width=\"576\" height=\"1024\" srcset=\"https:\/\/blog.marc-fritschi.ch\/wp-content\/uploads\/2017\/07\/20170627_092532-e1499119248803-576x1024.jpg 576w, https:\/\/blog.marc-fritschi.ch\/wp-content\/uploads\/2017\/07\/20170627_092532-e1499119248803-169x300.jpg 169w, https:\/\/blog.marc-fritschi.ch\/wp-content\/uploads\/2017\/07\/20170627_092532-e1499119248803-768x1365.jpg 768w, https:\/\/blog.marc-fritschi.ch\/wp-content\/uploads\/2017\/07\/20170627_092532-e1499119248803-432x768.jpg 432w, https:\/\/blog.marc-fritschi.ch\/wp-content\/uploads\/2017\/07\/20170627_092532-e1499119248803-600x1067.jpg 600w, https:\/\/blog.marc-fritschi.ch\/wp-content\/uploads\/2017\/07\/20170627_092532-e1499119248803-700x1244.jpg 700w\" sizes=\"auto, (max-width: 576px) 100vw, 576px\" \/><\/p>\n<p>Mein G\u00f6tti-Bub Manuel hat sich schon seit Wochen gefreut auf den Ausflug mit dem G\u00f6tti, hier sind wir nun &#8211; im Maiens\u00e4ss. Das Wetter meinte es nicht so gut, dann haben wir uns einfach in der Cheminee-W\u00e4rme und dem Schutz der H\u00fctte zur\u00fcckgezogen und Regen-Tage Aktivit\u00e4ten gepflegt&#8230; Filme gucken, Spiele spielen (also M\u00e4ni am Ipod). Ich habe dann Zeit f\u00fcr andere Dinge \ud83d\ude09<\/p>\n<p><img loading=\"lazy\" decoding=\"async\" class=\"alignnone size-large wp-image-4353\" src=\"https:\/\/blog.marc-fritschi.ch\/wp-content\/uploads\/2017\/07\/2017-07-03_23.38.23-1024x1024.jpg\" alt=\"\" width=\"660\" height=\"660\" srcset=\"https:\/\/blog.marc-fritschi.ch\/wp-content\/uploads\/2017\/07\/2017-07-03_23.38.23-1024x1024.jpg 1024w, https:\/\/blog.marc-fritschi.ch\/wp-content\/uploads\/2017\/07\/2017-07-03_23.38.23-150x150.jpg 150w, https:\/\/blog.marc-fritschi.ch\/wp-content\/uploads\/2017\/07\/2017-07-03_23.38.23-300x300.jpg 300w, https:\/\/blog.marc-fritschi.ch\/wp-content\/uploads\/2017\/07\/2017-07-03_23.38.23-768x768.jpg 768w, https:\/\/blog.marc-fritschi.ch\/wp-content\/uploads\/2017\/07\/2017-07-03_23.38.23-600x600.jpg 600w, https:\/\/blog.marc-fritschi.ch\/wp-content\/uploads\/2017\/07\/2017-07-03_23.38.23-432x432.jpg 432w, https:\/\/blog.marc-fritschi.ch\/wp-content\/uploads\/2017\/07\/2017-07-03_23.38.23-268x268.jpg 268w, https:\/\/blog.marc-fritschi.ch\/wp-content\/uploads\/2017\/07\/2017-07-03_23.38.23-700x700.jpg 700w, https:\/\/blog.marc-fritschi.ch\/wp-content\/uploads\/2017\/07\/2017-07-03_23.38.23.jpg 1440w\" sizes=\"auto, (max-width: 660px) 100vw, 660px\" \/><\/p>\n\n\n<\/div>\n","protected":false},"excerpt":{"rendered":"<div class=\"entry-summary\" itemprop=\"text\">\n<p>Die ersten 13 Tage Arbeit am Paradeplatz sind gut geschafft, methodisch wieder angekommen &#8211; die fachlichen Details des neuen Kunden erschliessen sich mir noch nicht 100%ig, ich arbeite dran. Macht Spass mit den neuen Kolleginnen und Kollegen an den Wealth Management Projekten zu arbeiten. Mein G\u00f6tti-Bub Manuel hat sich schon seit Wochen gefreut auf den &#8230;<\/p>\n\n<\/div>\n","protected":false},"author":5,"featured_media":4353,"comment_status":"closed","ping_status":"closed","sticky":false,"template":"","format":"standard","meta":{"footnotes":""},"categories":[118,21,120,74,153,97,18],"tags":[154,78,155,56,65,151,64,24],"class_list":["post-4350","post","type-post","status-publish","format-standard","has-post-thumbnail","hentry","category-118","category-pic-of-the-week","category-rueckblick","category-schweiz","category-ubs","category-val-lumnezia","category-wochenupdate","tag-goetti","tag-maiensaess","tag-paradeplatz","tag-pic-of-the-week","tag-schweiz","tag-ubs","tag-val-lumnezia","tag-wochenbericht","entry-lead"],"_links":{"self":[{"href":"https:\/\/blog.marc-fritschi.ch\/index.php?rest_route=\/wp\/v2\/posts\/4350","targetHints":{"allow":["GET"]}}],"collection":[{"href":"https:\/\/blog.marc-fritschi.ch\/index.php?rest_route=\/wp\/v2\/posts"}],"about":[{"href":"https:\/\/blog.marc-fritschi.ch\/index.php?rest_route=\/wp\/v2\/types\/post"}],"author":[{"embeddable":true,"href":"https:\/\/blog.marc-fritschi.ch\/index.php?rest_route=\/wp\/v2\/users\/5"}],"replies":[{"embeddable":true,"href":"https:\/\/blog.marc-fritschi.ch\/index.php?rest_route=%2Fwp%2Fv2%2Fcomments&post=4350"}],"version-history":[{"count":1,"href":"https:\/\/blog.marc-fritschi.ch\/index.php?rest_route=\/wp\/v2\/posts\/4350\/revisions"}],"predecessor-version":[{"id":7428,"href":"https:\/\/blog.marc-fritschi.ch\/index.php?rest_route=\/wp\/v2\/posts\/4350\/revisions\/7428"}],"wp:featuredmedia":[{"embeddable":true,"href":"https:\/\/blog.marc-fritschi.ch\/index.php?rest_route=\/wp\/v2\/media\/4353"}],"wp:attachment":[{"href":"https:\/\/blog.marc-fritschi.ch\/index.php?rest_route=%2Fwp%2Fv2%2Fmedia&parent=4350"}],"wp:term":[{"taxonomy":"category","embeddable":true,"href":"https:\/\/blog.marc-fritschi.ch\/index.php?rest_route=%2Fwp%2Fv2%2Fcategories&post=4350"},{"taxonomy":"post_tag","embeddable":true,"href":"https:\/\/blog.marc-fritschi.ch\/index.php?rest_route=%2Fwp%2Fv2%2Ftags&post=4350"}],"curies":[{"name":"wp","href":"https:\/\/api.w.org\/{rel}","templated":true}]}}